{"id":39880,"date":"2026-04-15T11:28:26","date_gmt":"2026-04-15T10:28:26","guid":{"rendered":"https:\/\/asisted.org\/?p=39880"},"modified":"2026-04-24T11:43:30","modified_gmt":"2026-04-24T10:43:30","slug":"https-www-asisted-org-solitud-no-volguda-conferencies","status":"publish","type":"post","link":"https:\/\/asisted.org\/ca\/blog\/https-www-asisted-org-solitud-no-volguda-conferencies\/","title":{"rendered":"II Edici\u00f3 del Cicle de Confer\u00e8ncies \u201cSoledats\u201d: entre la intervenci\u00f3 i l\u2019acompanyament, abordatges davant la solitud no volguda"},"content":{"rendered":"<div id='gallery-1' class='gallery galleryid-39880 gallery-columns-1 gallery-size-full'><figure class='gallery-item'>\n\t\t\t<div class='gallery-icon landscape'>\n\t\t\t\t<a href='https:\/\/asisted.org\/ca\/blog\/https-www-asisted-org-solitud-no-volguda-conferencies\/soledades_flyer_ok-2\/'><img fetchpriority=\"high\" decoding=\"async\" width=\"2560\" height=\"1157\" src=\"https:\/\/asisted.org\/wp-content\/uploads\/Soledades_Flyer_OK-1-scaled.png\" class=\"attachment-full size-full\" alt=\"\" srcset=\"https:\/\/asisted.org\/wp-content\/uploads\/Soledades_Flyer_OK-1-scaled.png 2560w, https:\/\/asisted.org\/wp-content\/uploads\/Soledades_Flyer_OK-1-300x136.png 300w, https:\/\/asisted.org\/wp-content\/uploads\/Soledades_Flyer_OK-1-1024x463.png 1024w, https:\/\/asisted.org\/wp-content\/uploads\/Soledades_Flyer_OK-1-768x347.png 768w, https:\/\/asisted.org\/wp-content\/uploads\/Soledades_Flyer_OK-1-1536x694.png 1536w, https:\/\/asisted.org\/wp-content\/uploads\/Soledades_Flyer_OK-1-2048x926.png 2048w\" sizes=\"(max-width: 2560px) 100vw, 2560px\" \/><\/a>\n\t\t\t<\/div><\/figure>\n\t\t<\/div>\n\n<p data-start=\"219\" data-end=\"616\">La <strong>solitud no volguda<\/strong> constitueix un fenomen complex amb un impacte directe en el benestar emocional, la salut i la qualitat de vida de les persones, especialment en l\u2019edat adulta i en etapes de major vulnerabilitat. El seu abordatge requereix comprendre la diversitat de situacions en qu\u00e8 pot manifestar-se i avan\u00e7ar cap a respostes professionals sensibles, coordinades i centrades en la persona.<\/p>\n<p data-start=\"618\" data-end=\"877\">En aquest context, la <a href=\"https:\/\/redsoledad.es\/\" target=\"_blank\" rel=\"noopener\">Red Soledades<\/a> i la <a href=\"https:\/\/asisted.org\/fundacion\/\">Fundaci\u00f3 ASISTED<\/a> organitzem la II Edici\u00f3 del Cicle de Confer\u00e8ncies \u201cSoledats\u201d, un espai de trobada i reflexi\u00f3 orientat a compartir coneixement, experi\u00e8ncia i enfocaments de treball al voltant de la solitud no volguda.<\/p>\n<p data-start=\"879\" data-end=\"954\">\ud83d\udcc5 Data: 29 d\u2019abril<br data-start=\"898\" data-end=\"901\" \/>\ud83d\udd53 Horari: de 16:00 a 18:00 h<br data-start=\"930\" data-end=\"933\" \/>\ud83d\udcbb Format: en l\u00ednia<\/p>\n<p data-start=\"956\" data-end=\"1331\">\ud83e\udde0 <strong data-start=\"959\" data-end=\"1001\">Entre la intervenci\u00f3 i l\u2019acompanyament<\/strong><br data-start=\"1001\" data-end=\"1004\" \/>Aquesta edici\u00f3 proposa una aproximaci\u00f3 a la solitud no volguda des de dues perspectives complement\u00e0ries: d\u2019una banda, la intervenci\u00f3 sanit\u00e0ria i sociosanit\u00e0ria basada en l\u2019evid\u00e8ncia; i, de l\u2019altra, l\u2019acompanyament des d\u2019una visi\u00f3 humanista centrada en l\u2019experi\u00e8ncia vital de les persones, la cura i la import\u00e0ncia dels vincles.<\/p>\n<p data-start=\"1333\" data-end=\"1537\">La jornada ser\u00e0 inaugurada per la <strong>Sra. Lola Carbonell<\/strong>, presidenta de la Red Soledades i directora executiva de la Fundaci\u00f3 Alicia y Guillermo, i el <strong>Sr. Gabriel M\u00aa Calzado<\/strong>, president i fundador d\u2019ASISTED.<\/p>\n<p data-start=\"1539\" data-end=\"1620\">Comptarem amb la participaci\u00f3 de dos professionals de refer\u00e8ncia en aquest \u00e0mbit:<\/p>\n<p data-start=\"1622\" data-end=\"1875\">La <strong>Sra. Teresa Pacheco Tabuenca<\/strong>, doctora en Psicologia i subdirectora general d\u2019Atenci\u00f3 i Cures Sociosanit\u00e0ries de la Comunitat de Madrid, amb la pon\u00e8ncia:<br data-start=\"1777\" data-end=\"1780\" \/><em><strong>\u201cIntervenci\u00f3 sanit\u00e0ria davant la solitud no volguda: evid\u00e8ncia, estrat\u00e8gies i bones pr\u00e0ctiques\u201d<\/strong><\/em><\/p>\n<p data-start=\"1877\" data-end=\"2065\">El <strong>Sr. Gonzalo Berzosa Zaballos<\/strong>, president de CEATE (Voluntariat Cultural de Persones Grans), amb la pon\u00e8ncia:<br data-start=\"1987\" data-end=\"1990\" \/><strong><em>\u201cLa solitud tamb\u00e9 es comparteix. Pautes per gestionar-la en la vida adulta\u201d<\/em><\/strong><\/p>\n<p data-start=\"2067\" data-end=\"2085\">\ud83d\uddc2\ufe0f <strong data-start=\"2071\" data-end=\"2083\">Programa<\/strong><\/p>\n<p data-start=\"2087\" data-end=\"2196\"><strong>16:00 h \u2013 16:10 h<\/strong><br data-start=\"2104\" data-end=\"2107\" \/>Benvinguda institucional a c\u00e0rrec de la Sra. Lola Carbonell i el Sr. Gabriel M\u00aa Calzado<\/p>\n<p data-start=\"2198\" data-end=\"2344\"><strong>16:10 h \u2013 16:50 h<\/strong><br data-start=\"2215\" data-end=\"2218\" \/>Sra. Teresa Pacheco Tabuenca<br data-start=\"2246\" data-end=\"2249\" \/>Intervenci\u00f3 sanit\u00e0ria davant la solitud no volguda: evid\u00e8ncia, estrat\u00e8gies i bones pr\u00e0ctiques<\/p>\n<p data-start=\"2346\" data-end=\"2480\"><strong>16:50 h \u2013 17:30 h<\/strong><br data-start=\"2363\" data-end=\"2366\" \/>Sr. Gonzalo Berzosa Zaballos<br data-start=\"2394\" data-end=\"2397\" \/>La solitud tamb\u00e9 es comparteix. Pautes per gestionar la solitud en la vida adulta<\/p>\n<p data-start=\"2482\" data-end=\"2534\"><strong>17:30 h \u2013 18:00 h<\/strong><br data-start=\"2499\" data-end=\"2502\" \/>Espai per a preguntes i di\u00e0leg<\/p>\n<p data-start=\"2536\" data-end=\"2781\">\ud83d\udce9 <strong data-start=\"2539\" data-end=\"2553\">Inscripci\u00f3<\/strong><\/p>\n<p data-start=\"2536\" data-end=\"2781\">Aquesta jornada est\u00e0 oberta a totes les persones interessades a reflexionar i continuar aprofundint en la solitud no volguda, des del coneixement compartit, l\u2019experi\u00e8ncia i el comprom\u00eds amb una atenci\u00f3 centrada en la persona.<\/p>\n<p data-start=\"2783\" data-end=\"2852\">\ud83d\udc49 Inscripcions en aquest enlla\u00e7: <a class=\"decorated-link\" href=\"https:\/\/forms.gle\/MXa6YF7Sn4N11VsY8\" target=\"_new\" rel=\"noopener\" data-start=\"2817\" data-end=\"2852\">https:\/\/forms.gle\/MXa6YF7Sn4N11VsY8<\/a><\/p>\n","protected":false},"excerpt":{"rendered":"<p>La solitud no volguda constitueix un fenomen complex amb un impacte directe en el benestar emocional, la salut i la qualitat de vida de les persones, especialment en l\u2019edat adulta i en etapes de major vulnerabilitat. El seu abordatge requereix comprendre la diversitat de situacions en qu\u00e8 pot manifestar-se i avan\u00e7ar cap a respostes professionals [&hellip;]<\/p>\n","protected":false},"author":6,"featured_media":39881,"comment_status":"closed","ping_status":"closed","sticky":false,"template":"","format":"standard","meta":{"_acf_changed":false,"footnotes":""},"categories":[352],"tags":[280,353,344],"class_list":["post-39880","post","type-post","status-publish","format-standard","has-post-thumbnail","hentry","category-fundacio","tag-acompanyament","tag-aillament-social","tag-solitud-no-volguda"],"acf":[],"_links":{"self":[{"href":"https:\/\/asisted.org\/ca\/wp-json\/wp\/v2\/posts\/39880","targetHints":{"allow":["GET"]}}],"collection":[{"href":"https:\/\/asisted.org\/ca\/wp-json\/wp\/v2\/posts"}],"about":[{"href":"https:\/\/asisted.org\/ca\/wp-json\/wp\/v2\/types\/post"}],"author":[{"embeddable":true,"href":"https:\/\/asisted.org\/ca\/wp-json\/wp\/v2\/users\/6"}],"replies":[{"embeddable":true,"href":"https:\/\/asisted.org\/ca\/wp-json\/wp\/v2\/comments?post=39880"}],"version-history":[{"count":1,"href":"https:\/\/asisted.org\/ca\/wp-json\/wp\/v2\/posts\/39880\/revisions"}],"predecessor-version":[{"id":39882,"href":"https:\/\/asisted.org\/ca\/wp-json\/wp\/v2\/posts\/39880\/revisions\/39882"}],"wp:featuredmedia":[{"embeddable":true,"href":"https:\/\/asisted.org\/ca\/wp-json\/wp\/v2\/media\/39881"}],"wp:attachment":[{"href":"https:\/\/asisted.org\/ca\/wp-json\/wp\/v2\/media?parent=39880"}],"wp:term":[{"taxonomy":"category","embeddable":true,"href":"https:\/\/asisted.org\/ca\/wp-json\/wp\/v2\/categories?post=39880"},{"taxonomy":"post_tag","embeddable":true,"href":"https:\/\/asisted.org\/ca\/wp-json\/wp\/v2\/tags?post=39880"}],"curies":[{"name":"wp","href":"https:\/\/api.w.org\/{rel}","templated":true}]}}