{"id":39867,"date":"2026-04-23T09:23:09","date_gmt":"2026-04-23T08:23:09","guid":{"rendered":"https:\/\/asisted.org\/?p=39867"},"modified":"2026-04-23T14:11:52","modified_gmt":"2026-04-23T13:11:52","slug":"sant-jordi-persones-grans-domicili","status":"publish","type":"post","link":"https:\/\/asisted.org\/ca\/blog\/sant-jordi-persones-grans-domicili\/","title":{"rendered":"Feli\u00e7 Sant Jordi: apropem la Diada a persones grans al seu domicili"},"content":{"rendered":"<div id='gallery-1' class='gallery galleryid-39867 gallery-columns-1 gallery-size-full'><figure class='gallery-item'>\n\t\t\t<div class='gallery-icon landscape'>\n\t\t\t\t<a href='https:\/\/asisted.org\/ca\/blog\/sant-jordi-persones-grans-domicili\/st-jordi_flyer_ok\/'><img fetchpriority=\"high\" decoding=\"async\" width=\"2047\" height=\"926\" src=\"https:\/\/asisted.org\/wp-content\/uploads\/St.Jordi_Flyer_OK.png\" class=\"attachment-full size-full\" alt=\"\" srcset=\"https:\/\/asisted.org\/wp-content\/uploads\/St.Jordi_Flyer_OK.png 2047w, https:\/\/asisted.org\/wp-content\/uploads\/St.Jordi_Flyer_OK-300x136.png 300w, https:\/\/asisted.org\/wp-content\/uploads\/St.Jordi_Flyer_OK-1024x463.png 1024w, https:\/\/asisted.org\/wp-content\/uploads\/St.Jordi_Flyer_OK-768x347.png 768w, https:\/\/asisted.org\/wp-content\/uploads\/St.Jordi_Flyer_OK-1536x695.png 1536w\" sizes=\"(max-width: 2047px) 100vw, 2047px\" \/><\/a>\n\t\t\t<\/div><\/figure>\n\t\t<\/div>\n\n<p data-start=\"170\" data-end=\"438\">La celebraci\u00f3 de Sant Jordi forma part del context social i cultural del nostre entorn, amb un impacte significatiu en la vida comunit\u00e0ria i en les relacions socials. No obstant aix\u00f2, no totes les persones poden participar en aquesta jornada en igualtat de condicions.<\/p>\n<p data-start=\"440\" data-end=\"727\">En aquest context, des d\u2019<a href=\"http:\/\/www.asisted.org\">ASISTED<\/a> desenvolupem, com cada any, una acci\u00f3 d\u2019acompanyament al domicili adre\u00e7ada a persones grans, especialment a aquelles en situaci\u00f3 de major vulnerabilitat, com persones centen\u00e0ries, persones sense xarxa familiar de suport o en risc de soledat no desitjada.<\/p>\n<p data-start=\"729\" data-end=\"925\">Aquesta iniciativa consisteix en el despla\u00e7ament de professionals per fer entrega d\u2019un llibre i una rosa, apropant aix\u00ed la celebraci\u00f3 de Sant Jordi a aquelles persones que no poden sortir de casa.<\/p>\n<p data-start=\"927\" data-end=\"1169\">Aquest any, les roses han estat adquirides a la <a href=\"http:\/\/www.assis.cat\" target=\"_blank\" rel=\"noopener\">Fundaci\u00f3 ASS\u00cdS<\/a>, entitat que treballa en l\u2019atenci\u00f3 a persones en situaci\u00f3 de sensellarisme, contribuint aix\u00ed als seus projectes socials. Els llibres han estat facilitats per <a href=\"http:\/\/www.plataformaeditorial.com\" target=\"_blank\" rel=\"noopener\">Plataforma Editorial<\/a>.<\/p>\n<p data-start=\"1171\" data-end=\"1401\">En un dia en qu\u00e8 els carrers s\u2019omplen de llibres, roses i activitat cultural, aquesta acci\u00f3 permet traslladar part d\u2019aquest entorn a l\u2019espai domiciliari, afavorint que la persona continu\u00ef connectada amb una tradici\u00f3 significativa.<\/p>\n<p data-start=\"1403\" data-end=\"1477\"><strong data-start=\"1403\" data-end=\"1477\">Acompanyament i atenci\u00f3 centrada en la persona en l\u2019entorn domiciliari<\/strong><\/p>\n<p data-start=\"1479\" data-end=\"1665\">En l\u2019\u00e0mbit de l\u2019atenci\u00f3 domicili\u00e0ria, l\u2019acompanyament implica comprendre el context vital de cada persona i adaptar la intervenci\u00f3 a les seves necessitats, prefer\u00e8ncies i circumst\u00e0ncies.<\/p>\n<p data-start=\"1667\" data-end=\"1863\">No es tracta \u00fanicament de l\u2019atenci\u00f3 a les necessitats b\u00e0siques, sin\u00f3 tamb\u00e9 de facilitar la connexi\u00f3 amb l\u2019entorn social i cultural, elements clau en el benestar emocional i en la qualitat de vida.<\/p>\n<p data-start=\"1865\" data-end=\"2113\">Celebracions com Sant Jordi formen part de la hist\u00f2ria i de la identitat de moltes persones grans. Mantenir aquest vincle, fins i tot des del domicili, contribueix a refor\u00e7ar el sentiment de pertinen\u00e7a i la continu\u00eftat de la seva traject\u00f2ria vital.<\/p>\n<p data-start=\"2115\" data-end=\"2267\">Aquest tipus d\u2019accions s\u2019emmarquen en un model d\u2019atenci\u00f3 centrat en la persona, on la cura incorpora tamb\u00e9 dimensions socials, emocionals i relacionals.<\/p>\n<p data-start=\"2269\" data-end=\"2327\"><strong data-start=\"2269\" data-end=\"2327\">Soledat no desitjada i vincle social en persones grans<\/strong><\/p>\n<p data-start=\"2329\" data-end=\"2493\">La soledat no desitjada constitueix una realitat complexa, amb un impacte directe en el benestar emocional, la salut i la participaci\u00f3 social de les persones grans.<\/p>\n<p data-start=\"2495\" data-end=\"2670\">El seu abordatge requereix intervencions que, a m\u00e9s d\u2019atendre les necessitats assistencials, afavoreixin la interacci\u00f3, la pres\u00e8ncia i el manteniment de vincles significatius.<\/p>\n<p data-start=\"2672\" data-end=\"2863\">Accions com aquesta, desenvolupades en l\u2019entorn domiciliari, permeten generar espais de relaci\u00f3 i reconeixement, contribuint a prevenir situacions d\u2019a\u00efllament i a refor\u00e7ar la connexi\u00f3 social.<\/p>\n<p data-start=\"2865\" data-end=\"3016\">El contacte directe, el temps compartit i l\u2019escolta formen part essencial d\u2019un model de cures m\u00e9s hum\u00e0, proper i adaptat a la realitat de cada persona.<\/p>\n<p data-start=\"3018\" data-end=\"3078\"><strong data-start=\"3018\" data-end=\"3078\">Sant Jordi al domicili: una forma de participaci\u00f3 social<\/strong><\/p>\n<p data-start=\"3080\" data-end=\"3293\">Apropar la Diada de Sant Jordi al domicili suposa generar oportunitats de participaci\u00f3 des del propi entorn quotidi\u00e0, especialment en aquells casos en qu\u00e8 existeixen limitacions per a l\u2019acc\u00e9s a l\u2019espai comunitari.<\/p>\n<p data-start=\"3295\" data-end=\"3448\">A trav\u00e9s d\u2019aquesta acci\u00f3, es facilita que les persones grans puguin continuar formant part d\u2019una celebraci\u00f3 amb un alt valor social, simb\u00f2lic i cultural.<\/p>\n<p data-start=\"3450\" data-end=\"3646\">A continuaci\u00f3, compartim algunes imatges de la jornada d\u2019avui, que reflecteixen el desenvolupament d\u2019aquesta iniciativa i la seva contribuci\u00f3 a l\u2019acompanyament i a la cura en l\u2019entorn domiciliari.<\/p>\n<div id='gallery-2' class='gallery galleryid-39867 gallery-columns-4 gallery-size-medium'><figure class='gallery-item'>\n\t\t\t<div class='gallery-icon portrait'>\n\t\t\t\t<a href=\"https:\/\/asisted.org\/ca\/blog\/sant-jordi-persones-grans-domicili\/img_6389\/\"><img decoding=\"async\" width=\"225\" height=\"300\" src=\"https:\/\/asisted.org\/wp-content\/uploads\/IMG_6389-225x300.jpeg\" class=\"attachment-medium size-medium\" alt=\"\" srcset=\"https:\/\/asisted.org\/wp-content\/uploads\/IMG_6389-225x300.jpeg 225w, https:\/\/asisted.org\/wp-content\/uploads\/IMG_6389-768x1024.jpeg 768w, https:\/\/asisted.org\/wp-content\/uploads\/IMG_6389-1152x1536.jpeg 1152w, https:\/\/asisted.org\/wp-content\/uploads\/IMG_6389-1536x2048.jpeg 1536w, https:\/\/asisted.org\/wp-content\/uploads\/IMG_6389-scaled.jpeg 1920w\" sizes=\"(max-width: 225px) 100vw, 225px\" \/><\/a>\n\t\t\t<\/div><\/figure><figure class='gallery-item'>\n\t\t\t<div class='gallery-icon portrait'>\n\t\t\t\t<a href=\"https:\/\/asisted.org\/ca\/blog\/sant-jordi-persones-grans-domicili\/img_6387\/\"><img decoding=\"async\" width=\"225\" height=\"300\" src=\"https:\/\/asisted.org\/wp-content\/uploads\/IMG_6387-225x300.jpeg\" class=\"attachment-medium size-medium\" alt=\"\" srcset=\"https:\/\/asisted.org\/wp-content\/uploads\/IMG_6387-225x300.jpeg 225w, https:\/\/asisted.org\/wp-content\/uploads\/IMG_6387-768x1024.jpeg 768w, https:\/\/asisted.org\/wp-content\/uploads\/IMG_6387-1152x1536.jpeg 1152w, https:\/\/asisted.org\/wp-content\/uploads\/IMG_6387-1536x2048.jpeg 1536w, https:\/\/asisted.org\/wp-content\/uploads\/IMG_6387-scaled.jpeg 1920w\" sizes=\"(max-width: 225px) 100vw, 225px\" \/><\/a>\n\t\t\t<\/div><\/figure><figure class='gallery-item'>\n\t\t\t<div class='gallery-icon portrait'>\n\t\t\t\t<a href=\"https:\/\/asisted.org\/ca\/blog\/sant-jordi-persones-grans-domicili\/img_6381\/\"><img loading=\"lazy\" decoding=\"async\" width=\"225\" height=\"300\" src=\"https:\/\/asisted.org\/wp-content\/uploads\/IMG_6381-225x300.jpeg\" class=\"attachment-medium size-medium\" alt=\"\" srcset=\"https:\/\/asisted.org\/wp-content\/uploads\/IMG_6381-225x300.jpeg 225w, https:\/\/asisted.org\/wp-content\/uploads\/IMG_6381-768x1024.jpeg 768w, https:\/\/asisted.org\/wp-content\/uploads\/IMG_6381-1152x1536.jpeg 1152w, https:\/\/asisted.org\/wp-content\/uploads\/IMG_6381-1536x2048.jpeg 1536w, https:\/\/asisted.org\/wp-content\/uploads\/IMG_6381-scaled.jpeg 1920w\" sizes=\"(max-width: 225px) 100vw, 225px\" \/><\/a>\n\t\t\t<\/div><\/figure><figure class='gallery-item'>\n\t\t\t<div class='gallery-icon portrait'>\n\t\t\t\t<a href=\"https:\/\/asisted.org\/ca\/blog\/sant-jordi-persones-grans-domicili\/fd6ec528-fdb2-4aed-8c40-b135b4e68076\/\"><img loading=\"lazy\" decoding=\"async\" width=\"225\" height=\"300\" src=\"https:\/\/asisted.org\/wp-content\/uploads\/fd6ec528-fdb2-4aed-8c40-b135b4e68076-225x300.jpg\" class=\"attachment-medium size-medium\" alt=\"\" srcset=\"https:\/\/asisted.org\/wp-content\/uploads\/fd6ec528-fdb2-4aed-8c40-b135b4e68076-225x300.jpg 225w, https:\/\/asisted.org\/wp-content\/uploads\/fd6ec528-fdb2-4aed-8c40-b135b4e68076-768x1024.jpg 768w, https:\/\/asisted.org\/wp-content\/uploads\/fd6ec528-fdb2-4aed-8c40-b135b4e68076-1152x1536.jpg 1152w, https:\/\/asisted.org\/wp-content\/uploads\/fd6ec528-fdb2-4aed-8c40-b135b4e68076.jpg 1536w\" sizes=\"(max-width: 225px) 100vw, 225px\" \/><\/a>\n\t\t\t<\/div><\/figure>\n\t\t<\/div>\n\n<p data-start=\"3450\" data-end=\"3646\">\n","protected":false},"excerpt":{"rendered":"<p>La celebraci\u00f3 de Sant Jordi forma part del context social i cultural del nostre entorn, amb un impacte significatiu en la vida comunit\u00e0ria i en les relacions socials. No obstant aix\u00f2, no totes les persones poden participar en aquesta jornada en igualtat de condicions. En aquest context, des d\u2019ASISTED desenvolupem, com cada any, una acci\u00f3 [&hellip;]<\/p>\n","protected":false},"author":6,"featured_media":39873,"comment_status":"closed","ping_status":"closed","sticky":false,"template":"","format":"standard","meta":{"_acf_changed":false,"footnotes":""},"categories":[80],"tags":[],"class_list":["post-39867","post","type-post","status-publish","format-standard","has-post-thumbnail","hentry","category-sin-categoria"],"acf":[],"_links":{"self":[{"href":"https:\/\/asisted.org\/ca\/wp-json\/wp\/v2\/posts\/39867","targetHints":{"allow":["GET"]}}],"collection":[{"href":"https:\/\/asisted.org\/ca\/wp-json\/wp\/v2\/posts"}],"about":[{"href":"https:\/\/asisted.org\/ca\/wp-json\/wp\/v2\/types\/post"}],"author":[{"embeddable":true,"href":"https:\/\/asisted.org\/ca\/wp-json\/wp\/v2\/users\/6"}],"replies":[{"embeddable":true,"href":"https:\/\/asisted.org\/ca\/wp-json\/wp\/v2\/comments?post=39867"}],"version-history":[{"count":2,"href":"https:\/\/asisted.org\/ca\/wp-json\/wp\/v2\/posts\/39867\/revisions"}],"predecessor-version":[{"id":39875,"href":"https:\/\/asisted.org\/ca\/wp-json\/wp\/v2\/posts\/39867\/revisions\/39875"}],"wp:featuredmedia":[{"embeddable":true,"href":"https:\/\/asisted.org\/ca\/wp-json\/wp\/v2\/media\/39873"}],"wp:attachment":[{"href":"https:\/\/asisted.org\/ca\/wp-json\/wp\/v2\/media?parent=39867"}],"wp:term":[{"taxonomy":"category","embeddable":true,"href":"https:\/\/asisted.org\/ca\/wp-json\/wp\/v2\/categories?post=39867"},{"taxonomy":"post_tag","embeddable":true,"href":"https:\/\/asisted.org\/ca\/wp-json\/wp\/v2\/tags?post=39867"}],"curies":[{"name":"wp","href":"https:\/\/api.w.org\/{rel}","templated":true}]}}