{"id":39779,"date":"2026-03-10T13:55:42","date_gmt":"2026-03-10T12:55:42","guid":{"rendered":"https:\/\/asisted.org\/?p=39779"},"modified":"2026-03-12T09:39:00","modified_gmt":"2026-03-12T08:39:00","slug":"solitud-no-volguda-persones-grans","status":"publish","type":"post","link":"https:\/\/asisted.org\/ca\/blog\/solitud-no-volguda-persones-grans\/","title":{"rendered":"Treball en xarxa per abordar la solitud no volguda en les persones grans"},"content":{"rendered":"<p data-start=\"198\" data-end=\"443\">La <a href=\"https:\/\/asisted.org\/ca\/fundacio\/\"><strong data-start=\"201\" data-end=\"222\">Fundaci\u00f3 ASISTED<\/strong><\/a> va participar recentment en la reuni\u00f3 del <strong data-start=\"265\" data-end=\"356\">Grup de Solitud No volguda del Consell Sectorial de Persones Grans de l&#8217;Ajuntament de Madrid<\/strong>, celebrada a la seu de <strong data-start=\"380\" data-end=\"389\">CEATE<\/strong> (Confederaci\u00f3n Espa\u00f1ola de Aulas de la Tercera Edad).<\/p>\n<p data-start=\"445\" data-end=\"739\">Aquesta trobada va reunir diferents professionals, entitats socials i institucions compromeses amb la millora del<a href=\"https:\/\/asisted.org\/ca\/serveis\/cures-a-la-persona\/\"> benestar i la qualitat de vida de les persones grans,<\/a> amb l\u2019objectiu d\u2019avan\u00e7ar en la comprensi\u00f3 d\u2019un dels reptes socials m\u00e9s rellevants del nostre temps: <strong data-start=\"713\" data-end=\"738\">la solitud no volguda<\/strong>.<\/p>\n<p data-start=\"741\" data-end=\"922\">La sessi\u00f3 va estar coordinada per <strong data-start=\"775\" data-end=\"794\">Gonzalo Berzosa<\/strong>, president de CEATE, i va comptar amb la participaci\u00f3 de representants de l\u2019\u00e0mbit institucional, sanitari i social, entre ells:<\/p>\n<ul data-start=\"924\" data-end=\"1293\">\n<li data-section-id=\"asuje2\" data-start=\"924\" data-end=\"1020\">\n<p data-start=\"926\" data-end=\"1020\"><strong data-start=\"926\" data-end=\"948\">Rosa Mar\u00eda Pereira<\/strong>, Directora General de Programes Culturals de l&#8217;Ajuntament de Madrid<\/p>\n<\/li>\n<li data-section-id=\"2ohi0o\" data-start=\"1021\" data-end=\"1065\">\n<p data-start=\"1023\" data-end=\"1065\"><strong data-start=\"1023\" data-end=\"1046\">Mar\u00eda Josefa Zome\u00f1o<\/strong>, de Madrid Salud<\/p>\n<\/li>\n<li data-section-id=\"1w1191d\" data-start=\"1066\" data-end=\"1191\">\n<p data-start=\"1068\" data-end=\"1191\"><strong data-start=\"1068\" data-end=\"1097\">Ana Mar\u00eda Padilla Beltr\u00e1n<\/strong>, Comissaria de suport a la &#8220;Protecci\u00f3n de la Mujer, el Menor y el Mayor de la ciudad de Madrid&#8221;<\/p>\n<\/li>\n<li data-section-id=\"n4rnpx\" data-start=\"1192\" data-end=\"1228\">\n<p data-start=\"1194\" data-end=\"1228\"><strong data-start=\"1194\" data-end=\"1211\">Juli\u00e1n Garc\u00eda<\/strong>, d\u2019Emancipatic<\/p>\n<\/li>\n<li data-section-id=\"g9bo1o\" data-start=\"1229\" data-end=\"1293\">\n<p data-start=\"1231\" data-end=\"1293\"><strong data-start=\"1231\" data-end=\"1247\">Alberto Meca<\/strong>, en representaci\u00f3 de la <a href=\"https:\/\/asisted.org\/ca\/fundacio\/\"><strong data-start=\"1272\" data-end=\"1293\">Fundaci\u00f3 ASISTED<\/strong><\/a><\/p>\n<\/li>\n<\/ul>\n<div id='gallery-1' class='gallery galleryid-39779 gallery-columns-2 gallery-size-full'><figure class='gallery-item'>\n\t\t\t<div class='gallery-icon portrait'>\n\t\t\t\t<a href='https:\/\/asisted.org\/ca\/whatsapp-image-2026-03-06-at-14-19-57\/'><img fetchpriority=\"high\" decoding=\"async\" width=\"504\" height=\"675\" src=\"https:\/\/asisted.org\/wp-content\/uploads\/WhatsApp-Image-2026-03-06-at-14.19.57.jpeg\" class=\"attachment-full size-full\" alt=\"\" srcset=\"https:\/\/asisted.org\/wp-content\/uploads\/WhatsApp-Image-2026-03-06-at-14.19.57.jpeg 504w, https:\/\/asisted.org\/wp-content\/uploads\/WhatsApp-Image-2026-03-06-at-14.19.57-224x300.jpeg 224w\" sizes=\"(max-width: 504px) 100vw, 504px\" \/><\/a>\n\t\t\t<\/div><\/figure><figure class='gallery-item'>\n\t\t\t<div class='gallery-icon landscape'>\n\t\t\t\t<a href='https:\/\/asisted.org\/ca\/whatsapp-image-2026-03-06-at-14-19-38\/'><img decoding=\"async\" width=\"991\" height=\"747\" src=\"https:\/\/asisted.org\/wp-content\/uploads\/WhatsApp-Image-2026-03-06-at-14.19.38.jpeg\" class=\"attachment-full size-full\" alt=\"\" srcset=\"https:\/\/asisted.org\/wp-content\/uploads\/WhatsApp-Image-2026-03-06-at-14.19.38.jpeg 991w, https:\/\/asisted.org\/wp-content\/uploads\/WhatsApp-Image-2026-03-06-at-14.19.38-300x226.jpeg 300w, https:\/\/asisted.org\/wp-content\/uploads\/WhatsApp-Image-2026-03-06-at-14.19.38-768x579.jpeg 768w\" sizes=\"(max-width: 991px) 100vw, 991px\" \/><\/a>\n\t\t\t<\/div><\/figure>\n\t\t<\/div>\n\n<h2 data-section-id=\"z3r98l\" data-start=\"1300\" data-end=\"1349\">Comprendre les causes de la solitud no volguda<\/h2>\n<p data-start=\"1351\" data-end=\"1542\">Durant aquesta primera reuni\u00f3 del grup de treball es van abordar diferents q\u00fcestions relacionades amb l\u2019an\u00e0lisi i la comprensi\u00f3 de les situacions de solitud que afecten moltes persones grans.<\/p>\n<p data-start=\"1544\" data-end=\"1582\">Entre els temes tractats van destacar:<\/p>\n<ul data-start=\"1584\" data-end=\"1853\">\n<li data-section-id=\"1gh6bpl\" data-start=\"1584\" data-end=\"1667\">\n<p data-start=\"1586\" data-end=\"1667\">L\u2019estudi de les causes que poden provocar situacions de <strong data-start=\"1642\" data-end=\"1664\">solitud no volguda<\/strong>.<\/p>\n<\/li>\n<li data-section-id=\"1psdpfe\" data-start=\"1668\" data-end=\"1755\">\n<p data-start=\"1670\" data-end=\"1755\">La identificaci\u00f3 de factors socials i comunitaris que influeixen en aquest fenomen.<\/p>\n<\/li>\n<li data-section-id=\"14kos27\" data-start=\"1756\" data-end=\"1853\">\n<p data-start=\"1758\" data-end=\"1853\">La valoraci\u00f3 dels recursos disponibles a la ciutat de Madrid per acompanyar les persones grans.<\/p>\n<\/li>\n<\/ul>\n<p data-start=\"1855\" data-end=\"2085\">La <strong data-start=\"1858\" data-end=\"1880\">solitud no volguda<\/strong> no \u00e9s \u00fanicament una q\u00fcesti\u00f3 de conviv\u00e8ncia o companyia. Es tracta d\u2019una realitat complexa que pot tenir un impacte significatiu en el benestar emocional, la salut i la participaci\u00f3 social de les persones.<\/p>\n<h2 data-section-id=\"cv5pgl\" data-start=\"2092\" data-end=\"2151\">La import\u00e0ncia de les aliances per transformar les cures<\/h2>\n<p data-start=\"2153\" data-end=\"2317\">Des de la <a href=\"https:\/\/asisted.org\/ca\/fundacio\/\"><strong data-start=\"2163\" data-end=\"2184\">Fundaci\u00f3 ASISTED<\/strong><\/a> entenem que abordar reptes com la <strong data-start=\"2219\" data-end=\"2241\">solitud no volguda<\/strong> requereix mirades compartides, cooperaci\u00f3 institucional i treball en xarxa.<\/p>\n<p data-start=\"2319\" data-end=\"2562\">La col\u00b7laboraci\u00f3 entre administracions p\u00fabliques, entitats socials, professionals de l\u2019\u00e0mbit de les cures i organitzacions comunit\u00e0ries \u00e9s clau per desenvolupar respostes m\u00e9s integrals i adaptades a les necessitats reals de les persones grans.<\/p>\n<p data-start=\"2564\" data-end=\"2710\">Aquests espais de di\u00e0leg i reflexi\u00f3 permeten avan\u00e7ar cap a <strong data-start=\"2623\" data-end=\"2709\">un model de cures m\u00e9s hum\u00e0, proper i connectat amb l\u2019entorn social de les persones<\/strong>.<\/p>\n<h2 data-section-id=\"1z05hl7\" data-start=\"2717\" data-end=\"2772\">Impulsar una societat m\u00e9s connectada i participativa<\/h2>\n<p data-start=\"2774\" data-end=\"3028\">La participaci\u00f3 en aquest tipus d\u2019iniciatives forma part del comprom\u00eds de la <strong data-start=\"2851\" data-end=\"2872\">Fundaci\u00f3 ASISTED<\/strong> amb la transformaci\u00f3 del model de cures, promovent aliances que enforteixin les <a href=\"https:\/\/asisted.org\/ca\/serveis\/integracio-a-la-comunitat\/\">xarxes comunit\u00e0ries<\/a> i afavoreixin la inclusi\u00f3 social de les persones grans.<\/p>\n<p data-start=\"3030\" data-end=\"3223\">Creiem que abordar la <strong data-start=\"3052\" data-end=\"3074\">solitud no volguda<\/strong> implica no nom\u00e9s desenvolupar recursos d\u2019atenci\u00f3, sin\u00f3 tamb\u00e9 refor\u00e7ar els vincles socials, la participaci\u00f3 comunit\u00e0ria i el sentiment de pertinen\u00e7a.<\/p>\n<p data-start=\"3225\" data-end=\"3415\">Nom\u00e9s des d\u2019una societat m\u00e9s connectada, solid\u00e0ria i conscient del valor de la cura ser\u00e0 possible avan\u00e7ar cap a entorns on totes les persones puguin viure amb dignitat, autonomia i benestar.<\/p>\n","protected":false},"excerpt":{"rendered":"<p>La Fundaci\u00f3 ASISTED va participar recentment en la reuni\u00f3 del Grup de Solitud No volguda del Consell Sectorial de Persones Grans de l&#8217;Ajuntament de Madrid, celebrada a la seu de CEATE (Confederaci\u00f3n Espa\u00f1ola de Aulas de la Tercera Edad). Aquesta trobada va reunir diferents professionals, entitats socials i institucions compromeses amb la millora del benestar [&hellip;]<\/p>\n","protected":false},"author":6,"featured_media":39685,"comment_status":"closed","ping_status":"closed","sticky":false,"template":"","format":"standard","meta":{"_acf_changed":false,"footnotes":""},"categories":[273],"tags":[343,336,337,331,344],"class_list":["post-39779","post","type-post","status-publish","format-standard","has-post-thumbnail","hentry","category-noticies","tag-benestar","tag-envelliment-actiu","tag-participacio-social","tag-persones-grans","tag-solitud-no-volguda"],"acf":[],"_links":{"self":[{"href":"https:\/\/asisted.org\/ca\/wp-json\/wp\/v2\/posts\/39779","targetHints":{"allow":["GET"]}}],"collection":[{"href":"https:\/\/asisted.org\/ca\/wp-json\/wp\/v2\/posts"}],"about":[{"href":"https:\/\/asisted.org\/ca\/wp-json\/wp\/v2\/types\/post"}],"author":[{"embeddable":true,"href":"https:\/\/asisted.org\/ca\/wp-json\/wp\/v2\/users\/6"}],"replies":[{"embeddable":true,"href":"https:\/\/asisted.org\/ca\/wp-json\/wp\/v2\/comments?post=39779"}],"version-history":[{"count":3,"href":"https:\/\/asisted.org\/ca\/wp-json\/wp\/v2\/posts\/39779\/revisions"}],"predecessor-version":[{"id":39782,"href":"https:\/\/asisted.org\/ca\/wp-json\/wp\/v2\/posts\/39779\/revisions\/39782"}],"wp:featuredmedia":[{"embeddable":true,"href":"https:\/\/asisted.org\/ca\/wp-json\/wp\/v2\/media\/39685"}],"wp:attachment":[{"href":"https:\/\/asisted.org\/ca\/wp-json\/wp\/v2\/media?parent=39779"}],"wp:term":[{"taxonomy":"category","embeddable":true,"href":"https:\/\/asisted.org\/ca\/wp-json\/wp\/v2\/categories?post=39779"},{"taxonomy":"post_tag","embeddable":true,"href":"https:\/\/asisted.org\/ca\/wp-json\/wp\/v2\/tags?post=39779"}],"curies":[{"name":"wp","href":"https:\/\/api.w.org\/{rel}","templated":true}]}}