{"id":39765,"date":"2026-03-06T13:08:07","date_gmt":"2026-03-06T12:08:07","guid":{"rendered":"https:\/\/asisted.org\/?p=39765"},"modified":"2026-03-10T13:40:11","modified_gmt":"2026-03-10T12:40:11","slug":"envelliment-actiu-persones-grans","status":"publish","type":"post","link":"https:\/\/asisted.org\/ca\/blog\/envelliment-actiu-persones-grans\/","title":{"rendered":"Envelliment actiu: prevenci\u00f3 i participaci\u00f3 per a millorar la vida de les persones"},"content":{"rendered":"<p data-start=\"359\" data-end=\"596\">La <a href=\"https:\/\/asisted.org\/ca\/fundacio\/\"><strong data-start=\"362\" data-end=\"382\">Fundaci\u00f3n ASISTED<\/strong><\/a> ha celebrat la seva primera xerrada amb la Asociaci\u00f3n de Vidas Cristianas de Madrid \u2013 CEATE, un espai de trobada centrat en la prevenci\u00f3, el benestar i el manteniment de l\u2019autonomia personal en les persones grans.<\/p>\n<div id='gallery-1' class='gallery galleryid-39765 gallery-columns-1 gallery-size-full'><figure class='gallery-item'>\n\t\t\t<div class='gallery-icon landscape'>\n\t\t\t\t<a href='https:\/\/asisted.org\/ca\/blog\/envelliment-actiu-persones-grans\/whatsapp-image-2026-03-02-at-19-17-04-3\/'><img fetchpriority=\"high\" decoding=\"async\" width=\"2048\" height=\"1536\" src=\"https:\/\/asisted.org\/wp-content\/uploads\/WhatsApp-Image-2026-03-02-at-19.17.04-2.jpeg\" class=\"attachment-full size-full\" alt=\"\" srcset=\"https:\/\/asisted.org\/wp-content\/uploads\/WhatsApp-Image-2026-03-02-at-19.17.04-2.jpeg 2048w, https:\/\/asisted.org\/wp-content\/uploads\/WhatsApp-Image-2026-03-02-at-19.17.04-2-300x225.jpeg 300w, https:\/\/asisted.org\/wp-content\/uploads\/WhatsApp-Image-2026-03-02-at-19.17.04-2-1024x768.jpeg 1024w, https:\/\/asisted.org\/wp-content\/uploads\/WhatsApp-Image-2026-03-02-at-19.17.04-2-768x576.jpeg 768w, https:\/\/asisted.org\/wp-content\/uploads\/WhatsApp-Image-2026-03-02-at-19.17.04-2-1536x1152.jpeg 1536w\" sizes=\"(max-width: 2048px) 100vw, 2048px\" \/><\/a>\n\t\t\t<\/div><\/figure>\n\t\t<\/div>\n\n<p data-start=\"598\" data-end=\"930\"><a href=\"https:\/\/asisted.org\/ca\/serveis\/integracio-a-la-comunitat\/\">L\u2019envelliment actiu<\/a> \u00e9s avui un dels pilars fonamentals per millorar la qualitat de vida en la vellesa. Promoure la participaci\u00f3 social, la prevenci\u00f3 i l\u2019acompanyament comunitari permet afrontar aquesta etapa vital des d\u2019una perspectiva m\u00e9s humana, on les persones grans continuen sent protagonistes de la seva vida i del seu entorn.<\/p>\n<p data-start=\"932\" data-end=\"1121\">Aquesta trobada ha perm\u00e8s obrir un espai de di\u00e0leg per reflexionar sobre com enfortir l\u2019autonomia personal i els vincles socials, afavorint una vida m\u00e9s plena i participativa en la vellesa.<\/p>\n<h2 data-section-id=\"dvvq40\" data-start=\"1123\" data-end=\"1163\">Prevenci\u00f3 i autonomia en la comunitat<\/h2>\n<p data-start=\"1165\" data-end=\"1399\">En l\u2019\u00e0mbit de la <a href=\"https:\/\/asisted.org\/ca\/serveis\/cures-a-la-persona\/\">cura de les persones grans<\/a>, parlar de prevenci\u00f3 significa anar m\u00e9s enll\u00e0 de l\u2019atenci\u00f3 a la depend\u00e8ncia. Significa anticipar-se, escoltar i comprendre com canvien les necessitats quan canvien les circumst\u00e0ncies vitals.<\/p>\n<p data-start=\"1401\" data-end=\"1729\">Durant la sessi\u00f3 va sorgir una realitat cada vegada m\u00e9s present en la nostra societat: la reducci\u00f3 dels espais de participaci\u00f3 social despr\u00e9s de processos com la vidu\u00eftat. Moltes persones deixen de realitzar activitats que formaven part del seu dia a dia, fet que pot afectar tant el benestar emocional com l\u2019autonomia personal.<\/p>\n<p data-start=\"1731\" data-end=\"2037\">Abordar aquestes situacions forma part d\u2019un <strong>model d\u2019atenci\u00f3 centrat en la persona<\/strong>, que ent\u00e9n la cura des d\u2019una dimensi\u00f3 integral: f\u00edsica, emocional i social. En aquest context, la <strong>cura i l\u2019acompanyament a la persona<\/strong> resulten fonamentals per mantenir la qualitat de vida i la seguretat en l\u2019entorn quotidi\u00e0.<\/p>\n<h2 data-section-id=\"eyt8ip\" data-start=\"2039\" data-end=\"2088\">La participaci\u00f3 social com a clau del benestar<\/h2>\n<p data-start=\"2090\" data-end=\"2399\">Mantenir espais de participaci\u00f3 i relaci\u00f3 social \u00e9s essencial per afavorir una vida activa i saludable en la vellesa. La participaci\u00f3 en activitats comunit\u00e0ries, culturals o associatives contribueix a refor\u00e7ar els vincles socials, enfortir l\u2019autonomia i prevenir situacions d\u2019a\u00efllament o soledat no desitjada.<\/p>\n<p data-start=\"2401\" data-end=\"2600\">En molts casos, les fam\u00edlies tamb\u00e9 necessiten <a href=\"https:\/\/asisted.org\/ca\/serveis\/suport-al-cuidador-familiar\/\">suport i orientaci\u00f3 per al cuidador familiar<\/a>, ja que la cura d\u2019una persona gran pot implicar noves responsabilitats emocionals, organitzatives i socials.<\/p>\n<p data-start=\"2602\" data-end=\"2741\">Acompanyar les fam\u00edlies en aquest proc\u00e9s permet generar entorns de cura m\u00e9s sostenibles i adaptats a les necessitats reals de cada persona.<\/p>\n<h2 data-section-id=\"gxue7m\" data-start=\"2743\" data-end=\"2802\">Prevenci\u00f3 per mantenir la qualitat de vida en la vellesa<\/h2>\n<p data-start=\"2804\" data-end=\"2973\">La prevenci\u00f3 en les persones grans no \u00e9s nom\u00e9s una eina sanit\u00e0ria. \u00c9s una manera de promoure un envelliment saludable i d\u2019enfortir l\u2019autonomia personal durant m\u00e9s temps.<\/p>\n<p data-start=\"2975\" data-end=\"3040\">Entre els aspectes que contribueixen a aquest objectiu destaquen:<\/p>\n<ul data-start=\"3042\" data-end=\"3312\">\n<li data-section-id=\"lu3bbm\" data-start=\"3042\" data-end=\"3099\">\n<p data-start=\"3044\" data-end=\"3099\">Mantenir l\u2019autonomia personal el m\u00e0xim temps possible<\/p>\n<\/li>\n<li data-section-id=\"s5dyl3\" data-start=\"3100\" data-end=\"3138\">\n<p data-start=\"3102\" data-end=\"3138\">Afavorir h\u00e0bits de vida saludables<\/p>\n<\/li>\n<li data-section-id=\"fn7c22\" data-start=\"3139\" data-end=\"3171\">\n<p data-start=\"3141\" data-end=\"3171\">Refor\u00e7ar els vincles socials<\/p>\n<\/li>\n<li data-section-id=\"cngo4c\" data-start=\"3172\" data-end=\"3228\">\n<p data-start=\"3174\" data-end=\"3228\">Evitar situacions d\u2019a\u00efllament o soledat no desitjada<\/p>\n<\/li>\n<li data-section-id=\"tp13xh\" data-start=\"3229\" data-end=\"3312\">\n<p data-start=\"3231\" data-end=\"3312\">Escoltar les necessitats de les persones grans i generar espais de participaci\u00f3<\/p>\n<\/li>\n<\/ul>\n<p data-start=\"3314\" data-end=\"3468\"><strong>Escoltar, identificar necessitats i generar propostes de participaci\u00f3 conjunta \u00e9s una manera concreta d\u2019avan\u00e7ar cap a un model de cures m\u00e9s hum\u00e0 i proper.<\/strong><\/p>\n<h2 data-section-id=\"35x8wr\" data-start=\"3470\" data-end=\"3515\">Treball en xarxa per enfortir la comunitat<\/h2>\n<p data-start=\"3517\" data-end=\"3723\">Aquesta primera trobada marca l\u2019inici d\u2019una col\u00b7laboraci\u00f3 amb l\u2019Associaci\u00f3 de V\u00eddues Cristianes de Madrid en l\u2019organitzaci\u00f3 d\u2019activitats que promoguin la participaci\u00f3, l\u2019acompanyament i la vida comunit\u00e0ria.<\/p>\n<p data-start=\"3725\" data-end=\"3959\">Les xarxes comunit\u00e0ries tenen un paper fonamental per afavorir el benestar en la vellesa. Quan les persones grans poden continuar participant en el seu entorn social, es refor\u00e7a el seu benestar emocional i el seu sentit de pertinen\u00e7a.<\/p>\n<p data-start=\"3961\" data-end=\"4161\">Els <strong>programes de participaci\u00f3 i integraci\u00f3 en la comunitat<\/strong> contribueixen precisament a crear aquests espais de relaci\u00f3 i suport mutu, essencials per mantenir una vida activa i connectada amb l\u2019entorn.<\/p>\n<h3 data-start=\"4163\" data-end=\"4357\">Promoure l\u2019envelliment actiu significa crear espais on les persones grans puguin continuar participant en la vida social, mantenir la seva autonomia i enfortir els seus vincles amb la comunitat.<\/h3>\n<p data-start=\"4359\" data-end=\"4646\">Des de la <strong data-start=\"4369\" data-end=\"4389\">Fundaci\u00f3n ASISTED<\/strong> continuem treballant juntament amb entitats socials per enfortir les xarxes de suport que permeten a les persones grans viure amb autonomia, dignitat i benestar, impulsant iniciatives que promoguin <strong>la prevenci\u00f3, la participaci\u00f3 i el benestar en la vellesa.<\/strong><\/p>\n","protected":false},"excerpt":{"rendered":"<p>La Fundaci\u00f3n ASISTED ha celebrat la seva primera xerrada amb la Asociaci\u00f3n de Vidas Cristianas de Madrid \u2013 CEATE, un espai de trobada centrat en la prevenci\u00f3, el benestar i el manteniment de l\u2019autonomia personal en les persones grans. L\u2019envelliment actiu \u00e9s avui un dels pilars fonamentals per millorar la qualitat de vida en la [&hellip;]<\/p>\n","protected":false},"author":6,"featured_media":39764,"comment_status":"closed","ping_status":"closed","sticky":false,"template":"","format":"standard","meta":{"_acf_changed":false,"footnotes":""},"categories":[273,80],"tags":[339,336,337,331,338],"class_list":["post-39765","post","type-post","status-publish","format-standard","has-post-thumbnail","hentry","category-noticies","category-sin-categoria","tag-autonomia-personal","tag-envelliment-actiu","tag-participacio-social","tag-persones-grans","tag-prevencio"],"acf":[],"_links":{"self":[{"href":"https:\/\/asisted.org\/ca\/wp-json\/wp\/v2\/posts\/39765","targetHints":{"allow":["GET"]}}],"collection":[{"href":"https:\/\/asisted.org\/ca\/wp-json\/wp\/v2\/posts"}],"about":[{"href":"https:\/\/asisted.org\/ca\/wp-json\/wp\/v2\/types\/post"}],"author":[{"embeddable":true,"href":"https:\/\/asisted.org\/ca\/wp-json\/wp\/v2\/users\/6"}],"replies":[{"embeddable":true,"href":"https:\/\/asisted.org\/ca\/wp-json\/wp\/v2\/comments?post=39765"}],"version-history":[{"count":8,"href":"https:\/\/asisted.org\/ca\/wp-json\/wp\/v2\/posts\/39765\/revisions"}],"predecessor-version":[{"id":39778,"href":"https:\/\/asisted.org\/ca\/wp-json\/wp\/v2\/posts\/39765\/revisions\/39778"}],"wp:featuredmedia":[{"embeddable":true,"href":"https:\/\/asisted.org\/ca\/wp-json\/wp\/v2\/media\/39764"}],"wp:attachment":[{"href":"https:\/\/asisted.org\/ca\/wp-json\/wp\/v2\/media?parent=39765"}],"wp:term":[{"taxonomy":"category","embeddable":true,"href":"https:\/\/asisted.org\/ca\/wp-json\/wp\/v2\/categories?post=39765"},{"taxonomy":"post_tag","embeddable":true,"href":"https:\/\/asisted.org\/ca\/wp-json\/wp\/v2\/tags?post=39765"}],"curies":[{"name":"wp","href":"https:\/\/api.w.org\/{rel}","templated":true}]}}