{"id":39603,"date":"2024-10-18T10:21:20","date_gmt":"2024-10-18T09:21:20","guid":{"rendered":"https:\/\/asisted.org\/blog\/el-repte-de-formalitzar-el-sector-de-les-cures-a-catalunya\/"},"modified":"2024-10-18T10:21:20","modified_gmt":"2024-10-18T09:21:20","slug":"el-repte-de-formalitzar-el-sector-de-les-cures-a-catalunya","status":"publish","type":"post","link":"https:\/\/asisted.org\/ca\/blog\/el-repte-de-formalitzar-el-sector-de-les-cures-a-catalunya\/","title":{"rendered":"El repte de formalitzar el sector de les cures a Catalunya"},"content":{"rendered":"<p>La cura de les persones grans \u00e9s una tasca que requereix <strong>professionalitat, dedicaci\u00f3 i, sobretot, seguretat<\/strong>, tant per a les persones cuidadores com per a les fam\u00edlies. La situaci\u00f3 actual del sector planteja reptes importants, com la manca de formalitzaci\u00f3 de molts treballadors que exerceixen aquesta tasca de manera irregular. Aquest \u00e9s un <strong>problema urgent que afecta directament la qualitat de l\u2019atenci\u00f3<\/strong> i els drets laborals de les persones cuidadores.<\/p>\n<p><!--more--><\/p>\n<h3><strong>El repte de la irregularitat laboral en la cura de les persones grans<\/strong><\/h3>\n<p>Un dels problemes m\u00e9s greus en el sector de la cura de les persones grans \u00e9s la situaci\u00f3 irregular en qu\u00e8 es troben molts professionals. Moltes persones que cuiden gent gran ho fan <strong>sense la documentaci\u00f3 necess\u00e0ria, sense contracte i sense acc\u00e9s a la Seguretat Social<\/strong>, fet que genera una situaci\u00f3 de vulnerabilitat tant per a elles com per a les fam\u00edlies que depenen dels seus serveis. Formalitzar l\u2019ocupaci\u00f3 de les persones cuidadores no nom\u00e9s garanteix una atenci\u00f3 de qualitat, sin\u00f3 que tamb\u00e9 protegeix els drets d\u2019aquests treballadors essencials.<\/p>\n<h2><strong>Catalunya necessitar\u00e0 20.000 professionals addicionals el 2030<\/strong><\/h2>\n<p>L\u2019<strong>envelliment progressiu de la poblaci\u00f3 i l\u2019augment de la fragilitat entre les persones grans<\/strong> a Catalunya s\u00f3n factors que posen de manifest la urg\u00e8ncia d\u2019aquesta situaci\u00f3. Segons un estudi recent, el 2030 caldran <strong>20.000 professionals addicionals en el sector de l\u2019atenci\u00f3 a les persones grans<\/strong>. Actualment, m\u00e9s de 12.000 persones grans es troben en llistes d\u2019espera per rebre cures, fet que evidencia la necessitat de refor\u00e7ar la professionalitzaci\u00f3 i la regularitzaci\u00f3 del sector.<\/p>\n<p>Moltes de les persones que desenvolupen tasques de cura de gent gran a Catalunya s\u00f3n persones migrants que, en no disposar d\u2019un contracte formal, es troben en una situaci\u00f3 de vulnerabilitat. Aquest escenari no nom\u00e9s perjudica els treballadors, sin\u00f3 tamb\u00e9 les fam\u00edlies que, <strong>sense un contracte legal, no poden garantir la protecci\u00f3 adequada<\/strong> per als seus \u00e9ssers estimats. La manca de formalitzaci\u00f3 genera una situaci\u00f3 insostenible per a totes les parts implicades.<\/p>\n<h2><strong>El nostre comprom\u00eds amb la formalitzaci\u00f3 i la professionalitzaci\u00f3 de la cura<\/strong><\/h2>\n<p>A ASISTED, <strong>apostem fermament per la contractaci\u00f3 formal de tots els nostres professionals de la cura<\/strong>. Creiem que cada treballador ha de comptar amb la formaci\u00f3 adequada, un contracte legal i tots els drets laborals que li corresponen. Aix\u00f2 no nom\u00e9s aporta tranquil\u00b7litat a les fam\u00edlies que confien en els nostres serveis, sin\u00f3 que tamb\u00e9 garanteix que els nostres professionals <strong>treballin en un entorn just i segur, on es valori la seva tasca indispensable<\/strong>. Estem conven\u00e7uts que la professionalitzaci\u00f3 i la formalitzaci\u00f3 del sector s\u00f3n claus per oferir una atenci\u00f3 de qualitat.<\/p>\n<h3><strong>La regularitzaci\u00f3 de les persones cuidadores \u00e9s una prioritat per a la qualitat de vida<\/strong><\/h3>\n<p>La regularitzaci\u00f3 de les persones cuidadores \u00e9s un <strong>pas fonamental cap a la professionalitzaci\u00f3 del sector<\/strong>. A mesura que la poblaci\u00f3 envelleix i la demanda de cures augmenta, \u00e9s essencial comptar amb professionals qualificats, assegurats i contractats legalment. El nostre comprom\u00eds \u00e9s oferir un servei d\u2019assist\u00e8ncia domicili\u00e0ria amb personal propi, sota contracte i amb totes les garanties legals. \u00c9s el moment d\u2019avan\u00e7ar cap a un model en qu\u00e8 la cura de les persones grans sigui sin\u00f2nim de legalitat, dignitat i benestar per a tothom.<\/p>\n<p>En conson\u00e0ncia amb el nostre comprom\u00eds amb la formalitzaci\u00f3 i la professionalitzaci\u00f3 de les cures, \u00e9s rellevant esmentar que la Generalitat de Catalunya subvenciona programes adre\u00e7ats a persones cuidadores familiars, oferint-los suport, formaci\u00f3 i assessorament per millorar la seva capacitat d\u2019atenci\u00f3 i enfortir els seus drets. Aquests recursos estan disponibles per a aquelles persones que, des de la seva pr\u00f2pia llar, tenen cura de familiars en situaci\u00f3 de depend\u00e8ncia. Per obtenir m\u00e9s informaci\u00f3 sobre aquests programes i sobre com et poden ajudar, no dubtis a contactar amb nosaltres.<\/p>\n","protected":false},"excerpt":{"rendered":"<p>La cura de les persones grans \u00e9s una tasca que requereix professionalitat, dedicaci\u00f3 i, sobretot, seguretat, tant per a les persones cuidadores com per a les fam\u00edlies. La situaci\u00f3 actual del sector planteja reptes importants, com la manca de formalitzaci\u00f3 de molts treballadors que exerceixen aquesta tasca de manera irregular. Aquest \u00e9s un problema urgent [&hellip;]<\/p>\n","protected":false},"author":6,"featured_media":39604,"comment_status":"open","ping_status":"open","sticky":false,"template":"","format":"standard","meta":{"_acf_changed":false,"footnotes":""},"categories":[285,295,330],"tags":[309,270,287,331],"class_list":["post-39603","post","type-post","status-publish","format-standard","has-post-thumbnail","hentry","category-assistencia-a-persones","category-assistencia-domiciliaria","category-persones-grans","tag-assistencia","tag-ciutadans","tag-dependencia","tag-persones-grans"],"acf":[],"_links":{"self":[{"href":"https:\/\/asisted.org\/ca\/wp-json\/wp\/v2\/posts\/39603","targetHints":{"allow":["GET"]}}],"collection":[{"href":"https:\/\/asisted.org\/ca\/wp-json\/wp\/v2\/posts"}],"about":[{"href":"https:\/\/asisted.org\/ca\/wp-json\/wp\/v2\/types\/post"}],"author":[{"embeddable":true,"href":"https:\/\/asisted.org\/ca\/wp-json\/wp\/v2\/users\/6"}],"replies":[{"embeddable":true,"href":"https:\/\/asisted.org\/ca\/wp-json\/wp\/v2\/comments?post=39603"}],"version-history":[{"count":0,"href":"https:\/\/asisted.org\/ca\/wp-json\/wp\/v2\/posts\/39603\/revisions"}],"wp:featuredmedia":[{"embeddable":true,"href":"https:\/\/asisted.org\/ca\/wp-json\/wp\/v2\/media\/39604"}],"wp:attachment":[{"href":"https:\/\/asisted.org\/ca\/wp-json\/wp\/v2\/media?parent=39603"}],"wp:term":[{"taxonomy":"category","embeddable":true,"href":"https:\/\/asisted.org\/ca\/wp-json\/wp\/v2\/categories?post=39603"},{"taxonomy":"post_tag","embeddable":true,"href":"https:\/\/asisted.org\/ca\/wp-json\/wp\/v2\/tags?post=39603"}],"curies":[{"name":"wp","href":"https:\/\/api.w.org\/{rel}","templated":true}]}}