{"id":39598,"date":"2024-11-26T08:16:43","date_gmt":"2024-11-26T07:16:43","guid":{"rendered":"https:\/\/asisted.org\/blog\/suport-a-les-persones-cuidadores-no-professionals-recursos-i-programes-per-contribuir-a-la-seva-tasca-des-de-la-llar\/"},"modified":"2024-11-26T08:16:43","modified_gmt":"2024-11-26T07:16:43","slug":"suport-a-les-persones-cuidadores-no-professionals-recursos-i-programes-per-contribuir-a-la-seva-tasca-des-de-la-llar","status":"publish","type":"post","link":"https:\/\/asisted.org\/ca\/blog\/suport-a-les-persones-cuidadores-no-professionals-recursos-i-programes-per-contribuir-a-la-seva-tasca-des-de-la-llar\/","title":{"rendered":"Suport a les persones cuidadores no professionals: recursos i programes per contribuir a la seva tasca des de la llar"},"content":{"rendered":"<p>En una societat que valora cada vegada m\u00e9s la dignitat i l\u2019autonomia de les persones, la <strong>desinstitucionalitzaci\u00f3 es presenta com una alternativa essencial<\/strong> per garantir que les persones dependents puguin viure en el seu entorn habitual: la seva llar. Mantenir les persones al seu domicili, envoltades dels seus records i de la seva fam\u00edlia, no nom\u00e9s contribueix al seu benestar emocional, sin\u00f3 que tamb\u00e9 <strong>fomenta una atenci\u00f3 m\u00e9s personalitzada i respectuosa<\/strong> amb les seves necessitats i desitjos.<\/p>\n<p><!--more--><\/p>\n<p>A <a href=\"https:\/\/asisted.org\/programes-subvencionats-suport-persones-cuidadores-familiars\/\" target=\"_blank\" rel=\"noopener\">ASISTED<\/a>, ens posicionem com un aliat indispensable per a les persones cuidadores familiars, oferint-los el <strong>suport necessari per dur a terme la seva tasca amb seguretat i confian\u00e7a<\/strong>, fomentant un entorn on la persona dependent pugui rebre una atenci\u00f3 integrada social i sanit\u00e0ria.<\/p>\n<h2><strong>Programes de suport per a cuidadores i cuidadors familiars 2024<\/strong><\/h2>\n<p>Durant aquest any 2024, podr\u00e0s gaudir d\u2019una s\u00e8rie de <strong>programes subvencionats per la Generalitat de Catalunya<\/strong>, dissenyats espec\u00edficament per oferir suport integral a les persones cuidadores en l\u2019entorn familiar. Aquests programes inclouen:<\/p>\n<ul>\n<li><strong>Visites domicili\u00e0ries<\/strong>: avaluaci\u00f3 integral sociosanit\u00e0ria i d\u2019accessibilitat, identificaci\u00f3 de la persona cuidadora i orientaci\u00f3 sobre serveis d\u2019ajuda i acompanyament.<\/li>\n<li><strong>Grups de suport<\/strong>: trobades grupals per abordar de manera col\u00b7lectiva temes d\u2019inter\u00e8s que condicionen el benestar de la persona cuidadora i la relaci\u00f3 amb el seu familiar.<\/li>\n<li><strong>Respir familiar<\/strong>: intervencions puntuals de suport al domicili per permetre a la persona cuidadora participar en altres activitats de suport.<\/li>\n<li><strong>Voluntariat<\/strong>: intervencions puntuals de suport i alleujament al domicili.<\/li>\n<\/ul>\n<p>A m\u00e9s, s\u2019ofereixen <strong>programes d\u2019atenci\u00f3 personalitzada d\u2019orientaci\u00f3, assessorament i suport<\/strong> sobre recursos i prestacions, aix\u00ed com atenci\u00f3 terap\u00e8utica psicosocial per promoure el benestar emocional i mental de la persona cuidadora familiar.<\/p>\n<p>Les sessions es duen a terme a ASISTED (Muntaner 494, Barcelona) tots els dilluns, dimarts, dimecres i divendres de 10.30 a 12.30 h. \u00c9s <strong>necessari concertar pr\u00e8viament la data i l\u2019hora<\/strong> trucant al 93 212 60 99 o enviant un correu electr\u00f2nic a projectes@asisted.com.<\/p>\n<h3><strong>Si vols rebre m\u00e9s informaci\u00f3, contacta amb nosaltres al 93 212 60 99 o envia un correu a projectes@asisted.com i ens posarem en contacte amb tu.<\/strong><\/h3>\n<h2><strong>Calendari del quart trimestre dels programes de suport per a cuidadores i cuidadors familiars<\/strong><\/h2>\n<p>Per veure el calendari detallat de les sessions i activitats previstes per a aquest any, <a href=\"https:\/\/asisted.org\/programes-subvencionats-suport-persones-cuidadores-familiars\/\" target=\"_blank\" rel=\"noopener\">consulta el seg\u00fcent enlla\u00e7<\/a>. Hi trobar\u00e0s les <strong>dates de cada programa<\/strong>, per assegurar-te que puguis planificar i aprofitar tots els recursos disponibles.<\/p>\n<p>Aquests programes s\u00f3n una oportunitat perqu\u00e8 les persones cuidadores no professionals rebin el suport i la formaci\u00f3 necessaris per <strong>desenvolupar la seva tasca de manera efectiva i amb el menor impacte possible en el seu benestar personal<\/strong>. A ASISTED, estem compromesos a acompanyar-te en aquest cam\u00ed, oferint-te les eines i el suport que necessites.<\/p>\n","protected":false},"excerpt":{"rendered":"<p>En una societat que valora cada vegada m\u00e9s la dignitat i l\u2019autonomia de les persones, la desinstitucionalitzaci\u00f3 es presenta com una alternativa essencial per garantir que les persones dependents puguin viure en el seu entorn habitual: la seva llar. Mantenir les persones al seu domicili, envoltades dels seus records i de la seva fam\u00edlia, no [&hellip;]<\/p>\n","protected":false},"author":6,"featured_media":39599,"comment_status":"open","ping_status":"open","sticky":false,"template":"","format":"standard","meta":{"_acf_changed":false,"footnotes":""},"categories":[279,285],"tags":[324,325,326],"class_list":["post-39598","post","type-post","status-publish","format-standard","has-post-thumbnail","hentry","category-asisted","category-assistencia-a-persones","tag-cuidadors-familiars","tag-programes-generalitat","tag-subvencions"],"acf":[],"_links":{"self":[{"href":"https:\/\/asisted.org\/ca\/wp-json\/wp\/v2\/posts\/39598","targetHints":{"allow":["GET"]}}],"collection":[{"href":"https:\/\/asisted.org\/ca\/wp-json\/wp\/v2\/posts"}],"about":[{"href":"https:\/\/asisted.org\/ca\/wp-json\/wp\/v2\/types\/post"}],"author":[{"embeddable":true,"href":"https:\/\/asisted.org\/ca\/wp-json\/wp\/v2\/users\/6"}],"replies":[{"embeddable":true,"href":"https:\/\/asisted.org\/ca\/wp-json\/wp\/v2\/comments?post=39598"}],"version-history":[{"count":0,"href":"https:\/\/asisted.org\/ca\/wp-json\/wp\/v2\/posts\/39598\/revisions"}],"wp:featuredmedia":[{"embeddable":true,"href":"https:\/\/asisted.org\/ca\/wp-json\/wp\/v2\/media\/39599"}],"wp:attachment":[{"href":"https:\/\/asisted.org\/ca\/wp-json\/wp\/v2\/media?parent=39598"}],"wp:term":[{"taxonomy":"category","embeddable":true,"href":"https:\/\/asisted.org\/ca\/wp-json\/wp\/v2\/categories?post=39598"},{"taxonomy":"post_tag","embeddable":true,"href":"https:\/\/asisted.org\/ca\/wp-json\/wp\/v2\/tags?post=39598"}],"curies":[{"name":"wp","href":"https:\/\/api.w.org\/{rel}","templated":true}]}}