{"id":39596,"date":"2024-12-17T15:38:22","date_gmt":"2024-12-17T14:38:22","guid":{"rendered":"https:\/\/asisted.org\/blog\/avencos-en-els-drets-de-les-persones-amb-discapacitat\/"},"modified":"2024-12-17T15:38:22","modified_gmt":"2024-12-17T14:38:22","slug":"avencos-en-els-drets-de-les-persones-amb-discapacitat","status":"publish","type":"post","link":"https:\/\/asisted.org\/ca\/blog\/avencos-en-els-drets-de-les-persones-amb-discapacitat\/","title":{"rendered":"Aven\u00e7os en els drets de les persones amb discapacitat"},"content":{"rendered":"<p>En els darrers mesos, Espanya ha fet un pas significatiu <strong>cap a la inclusi\u00f3 i el reconeixement de les persones amb discapacitat<\/strong>. La recent <a href=\"https:\/\/app.congreso.es\/consti\/constitucion\/indice\/sinopsis\/sinopsis.jsp?art=49&amp;tipo=2#:~:text=Reforma%20del%20art%C3%ADculo%2049%20de,sea%20necesaria%20para%20dicho%20ejercicio.\" target=\"_blank\" rel=\"noopener\"><strong>reforma de l\u2019article 49 de la Constituci\u00f3 Espanyola<\/strong><\/a> i els projectes experimentals d\u2019atenci\u00f3 domicili\u00e0ria a Catalunya reflecteixen un comprom\u00eds ferm amb la millora de la qualitat de vida i dels drets d\u2019aquest col\u00b7lectiu. Des d\u2019<strong>ASISTED<\/strong>, ens sumem a aquest impuls apropant les persones amb discapacitat als programes subvencionats per la Generalitat de Catalunya per millorar la seva qualitat de vida a la llar.<\/p>\n<p><!--more--><\/p>\n<h3><strong>Un canvi hist\u00f2ric a la Constituci\u00f3 Espanyola<\/strong><\/h3>\n<p>El mes passat, el Congr\u00e9s va aprovar la <strong>reforma de l\u2019article 49 de la Constituci\u00f3 Espanyola<\/strong>. Aquest canvi no nom\u00e9s substitueix termes obsolets com <em>\u00abdisminu\u00eft\u00bb<\/em> per <em>\u00abpersones amb discapacitat\u00bb<\/em>, sin\u00f3 que refor\u00e7a la protecci\u00f3 dels seus drets i la seva inclusi\u00f3 a la societat.<\/p>\n<h3><strong>Per qu\u00e8 \u00e9s important aquest canvi?<\/strong><\/h3>\n<ul>\n<li>Reconeix la dignitat inherent de les persones amb discapacitat.<\/li>\n<li>Garanteix una igualtat real i efectiva en l\u2019exercici dels seus drets.<\/li>\n<li>Inst\u00e0 els poders p\u00fablics a promoure pol\u00edtiques d\u2019integraci\u00f3 i accessibilitat.<\/li>\n<\/ul>\n<p>Aquest aven\u00e7 ling\u00fc\u00edstic i jur\u00eddic <strong>elimina barreres terminol\u00f2giques<\/strong> que, fins ara, perpetuaven estigmes i allunyaven el col\u00b7lectiu d\u2019una igualtat real.<\/p>\n<h2><strong>Projectes d\u2019atenci\u00f3 domicili\u00e0ria subvencionats per la Generalitat de Catalunya<\/strong><\/h2>\n<p>La Generalitat de Catalunya ha impulsat projectes pilot per a l\u2019<a href=\"https:\/\/asisted.org\/intervencio-integral-terapeutica-a-persones-amb-discapacitat\/\" target=\"_blank\" rel=\"noopener\">atenci\u00f3 domicili\u00e0ria de persones amb discapacitat<\/a> i problemes de salut. Aquestes iniciatives, subvencionades pel govern auton\u00f2mic, tenen com a objectiu millorar la seva qualitat de vida i l\u2019accessibilitat als seus domicilis.<\/p>\n<h2><strong>Principals objectius dels projectes:<\/strong><\/h2>\n<ol>\n<li><strong>Promoci\u00f3 de l\u2019autonomia personal:<\/strong> Facilitar que les persones amb discapacitat puguin viure a casa seva amb el suport adequat.<\/li>\n<li><strong>Desinstitucionalitzaci\u00f3:<\/strong> Crear itineraris personalitzats per evitar la institucionalitzaci\u00f3 en centres assistencials.<\/li>\n<li><strong>Atenci\u00f3 integral i personalitzada:<\/strong> Adaptar els serveis a les necessitats individuals de cada persona.<\/li>\n<\/ol>\n<p>Aquests programes no nom\u00e9s ofereixen suport f\u00edsic, sin\u00f3 que tamb\u00e9 fomenten la inclusi\u00f3 social, el benestar emocional i la independ\u00e8ncia de les persones ateses.<\/p>\n<h2><strong>Un pas endavant cap a la inclusi\u00f3 real<\/strong><\/h2>\n<p>La reforma constitucional i els projectes experimentals a Catalunya s\u00f3n passos fonamentals cap a una societat m\u00e9s inclusiva i justa per a les persones amb discapacitat.<\/p>\n<p>Junts, constru\u00efm un futur on les persones amb discapacitat puguin viure plenament i sense barreres.<\/p>\n","protected":false},"excerpt":{"rendered":"<p>En els darrers mesos, Espanya ha fet un pas significatiu cap a la inclusi\u00f3 i el reconeixement de les persones amb discapacitat. La recent reforma de l\u2019article 49 de la Constituci\u00f3 Espanyola i els projectes experimentals d\u2019atenci\u00f3 domicili\u00e0ria a Catalunya reflecteixen un comprom\u00eds ferm amb la millora de la qualitat de vida i dels drets [&hellip;]<\/p>\n","protected":false},"author":6,"featured_media":39597,"comment_status":"open","ping_status":"open","sticky":false,"template":"","format":"standard","meta":{"_acf_changed":false,"footnotes":""},"categories":[305,279,285],"tags":[321,308,322,323],"class_list":["post-39596","post","type-post","status-publish","format-standard","has-post-thumbnail","hentry","category-accessibilitat","category-asisted","category-assistencia-a-persones","tag-accesibilitat","tag-actualitat","tag-discapacitat","tag-persones-amb-discapacitat"],"acf":[],"_links":{"self":[{"href":"https:\/\/asisted.org\/ca\/wp-json\/wp\/v2\/posts\/39596","targetHints":{"allow":["GET"]}}],"collection":[{"href":"https:\/\/asisted.org\/ca\/wp-json\/wp\/v2\/posts"}],"about":[{"href":"https:\/\/asisted.org\/ca\/wp-json\/wp\/v2\/types\/post"}],"author":[{"embeddable":true,"href":"https:\/\/asisted.org\/ca\/wp-json\/wp\/v2\/users\/6"}],"replies":[{"embeddable":true,"href":"https:\/\/asisted.org\/ca\/wp-json\/wp\/v2\/comments?post=39596"}],"version-history":[{"count":0,"href":"https:\/\/asisted.org\/ca\/wp-json\/wp\/v2\/posts\/39596\/revisions"}],"wp:featuredmedia":[{"embeddable":true,"href":"https:\/\/asisted.org\/ca\/wp-json\/wp\/v2\/media\/39597"}],"wp:attachment":[{"href":"https:\/\/asisted.org\/ca\/wp-json\/wp\/v2\/media?parent=39596"}],"wp:term":[{"taxonomy":"category","embeddable":true,"href":"https:\/\/asisted.org\/ca\/wp-json\/wp\/v2\/categories?post=39596"},{"taxonomy":"post_tag","embeddable":true,"href":"https:\/\/asisted.org\/ca\/wp-json\/wp\/v2\/tags?post=39596"}],"curies":[{"name":"wp","href":"https:\/\/api.w.org\/{rel}","templated":true}]}}