{"id":39578,"date":"2025-11-18T12:27:06","date_gmt":"2025-11-18T11:27:06","guid":{"rendered":"https:\/\/asisted.org\/blog\/per-que-la-integracio-social-i-sanitaria-es-clau-per-respondre-a-les-necessitats-actuals-de-la-poblacio\/"},"modified":"2025-11-18T12:27:06","modified_gmt":"2025-11-18T11:27:06","slug":"per-que-la-integracio-social-i-sanitaria-es-clau-per-respondre-a-les-necessitats-actuals-de-la-poblacio","status":"publish","type":"post","link":"https:\/\/asisted.org\/ca\/blog\/per-que-la-integracio-social-i-sanitaria-es-clau-per-respondre-a-les-necessitats-actuals-de-la-poblacio\/","title":{"rendered":"Per qu\u00e8 la integraci\u00f3 social i sanit\u00e0ria \u00e9s clau per respondre a les necessitats actuals de la poblaci\u00f3?"},"content":{"rendered":"<p>La aprovaci\u00f3 de la llei de l\u2019<a href=\"https:\/\/govern.cat\/salapremsa\/notes-premsa\/765848\/el-parlament-de-catalunya-aprova-la-creacio-de-l-agencia-d-atencio-integrada-social-i-sanitaria-agaiss-cat\" target=\"_blank\" rel=\"noopener\"><strong data-start=\"272\" data-end=\"335\">Ag\u00e8ncia d\u2019Atenci\u00f3 Integrada Social i Sanit\u00e0ria (Agaiss-Cat)<\/strong><\/a> representa un aven\u00e7 significatiu en la integraci\u00f3 entre els \u00e0mbits de la salut i els serveis socials a Catalunya. El nou marc sorgeix en un context marcat per <strong data-start=\"500\" data-end=\"541\">un augment sostingut de la longevitat<\/strong>, un major nombre de persones en edats avan\u00e7ades i un creixement de situacions de <strong data-start=\"626\" data-end=\"680\">depend\u00e8ncia, cronicitat, discapacitat i fragilitat<\/strong>. Actualment, <strong data-start=\"695\" data-end=\"727\">m\u00e9s d\u2019un mili\u00f3 de persones<\/strong> requereixen suports sanitaris i socials de manera continuada, una xifra que es preveu que augmenti en els pr\u00f2xims anys a causa de l\u2019evoluci\u00f3 demogr\u00e0fica.<\/p>\n<p><!--more--><\/p>\n<p data-start=\"126\" data-end=\"792\">La llei t\u00e9 com a finalitat <strong data-start=\"154\" data-end=\"242\">potenciar l\u2019autonomia de les persones i millorar els seus resultats en salut i benestar<\/strong>, avan\u00e7ant cap a models d\u2019atenci\u00f3 m\u00e9s coherents i coordinats. Per fer-ho, incorpora elements clau com la <strong data-start=\"355\" data-end=\"375\">valoraci\u00f3 \u00fanica<\/strong>, el <strong data-start=\"380\" data-end=\"411\">pla d\u2019atenci\u00f3 compartit<\/strong> i la <strong data-start=\"417\" data-end=\"453\">figura professional de refer\u00e8ncia<\/strong>, que busquen facilitar la continu\u00eftat assistencial i harmonitzar la intervenci\u00f3 dels diferents recursos.<\/p>\n<p data-start=\"126\" data-end=\"792\">A m\u00e9s, el nou model preveu <strong data-start=\"588\" data-end=\"640\">prioritzar l\u2019atenci\u00f3 domicili\u00e0ria i comunit\u00e0ria<\/strong>, habilitar la <strong data-start=\"655\" data-end=\"687\">compartici\u00f3 segura de dades<\/strong> i desenvolupar una <strong data-start=\"706\" data-end=\"738\">plataforma digital integrada<\/strong> que millori la gesti\u00f3 i el seguiment dels suports.<\/p>\n<h2 data-start=\"1218\" data-end=\"1277\"><strong data-start=\"1221\" data-end=\"1277\">Reflexions del sector al X Congr\u00e9s d\u2019Edat&amp;Vida<\/strong><\/h2>\n<p data-start=\"1279\" data-end=\"1579\">Aquest aven\u00e7 normatiu coincideix amb un moment d\u2019an\u00e0lisi i reflexi\u00f3 al sector. Al <strong data-start=\"1365\" data-end=\"1392\">X Congr\u00e9s d\u2019Edat&amp;Vida<\/strong>, diverses sessions van abordar la import\u00e0ncia de refor\u00e7ar la coordinaci\u00f3 entre salut i serveis socials per respondre millor a les necessitats que sovint concorren en una mateixa persona.<\/p>\n<p data-start=\"1581\" data-end=\"2254\">Entre les intervencions, va destacar la pon\u00e8ncia de <a href=\"https:\/\/www.linkedin.com\/in\/jordiamblasnovellas\/?originalSubdomain=es\" target=\"_blank\" rel=\"nofollow noopener\"><strong data-start=\"1630\" data-end=\"1646\">Jordi Ambl\u00e0s<\/strong><\/a>, <strong data-start=\"1650\" data-end=\"1755\">director de l\u2019Estrat\u00e8gia d\u2019Atenci\u00f3 Integrada del Departament de Salut de la Generalitat de Catalunya<\/strong>.<br data-start=\"1756\" data-end=\"1759\" \/>Ambl\u00e0s va subratllar que l\u2019eix principal del nou model no \u00e9s \u00fanicament qu\u00e8 fem, sin\u00f3 <strong data-start=\"1847\" data-end=\"1872\">per a qui ho fem<\/strong>: persones que requereixen respostes continuades, coherents i adaptades. Tamb\u00e9 va recordar que els models d\u2019atenci\u00f3 integrada han demostrat reduir els <strong data-start=\"2022\" data-end=\"2058\">ingressos hospitalaris evitables<\/strong> i les <strong data-start=\"2061\" data-end=\"2103\">estades innecess\u00e0riament prolongades<\/strong>, un \u00e0mbit en qu\u00e8 el <strong data-start=\"2128\" data-end=\"2167\">Servei d\u2019Ajuda a Domicili (SAD)<\/strong> t\u00e9 un paper fonamental per la seva capacitat de suport quotidi\u00e0 i detecci\u00f3 preco\u00e7.<\/p>\n<p data-start=\"2493\" data-end=\"2725\">ASISTED va ser esmentada com una de les entitats que va participar en els dos projectes presentats al Congr\u00e9s, que aborden els reptes de la formaci\u00f3 de professionals sociosanitaris i l\u2019atenci\u00f3 a persones grans dependents.<\/p>\n<h3 data-start=\"2318\" data-end=\"2363\"><b>ENTRE L\u2019AULA I LA PR\u00c0CTICA: REPTES EN LA FORMACI\u00d3 DE LES PERSONES QUE CUIDEN<\/b><\/h3>\n<p data-start=\"2364\" data-end=\"2731\">A la sessi\u00f3 moderada per <a href=\"https:\/\/www.linkedin.com\/in\/patriciacelimedina\/?trk=people-guest_people_search-card&amp;originalSubdomain=es\" target=\"_blank\" rel=\"nofollow noopener\"><strong data-start=\"2390\" data-end=\"2407\">Patricia Celi<\/strong><\/a>, <em data-start=\"2409\" data-end=\"2470\">coordinadora t\u00e8cnica de projectes de la Fundaci\u00f3 Edat&amp;Vida<\/em>, es van abordar les necessitats formatives reals dels i les professionals de l\u2019\u00e0mbit sociosanitari. La taula va destacar la import\u00e0ncia de disposar d\u2019equips capacitats per intervenir en entorns on la coordinaci\u00f3 interprofessional \u00e9s cada vegada m\u00e9s rellevant.<\/p>\n<h3 class=\"x_MsoNormal\"><b data-olk-copy-source=\"MessageBody\">LA CURA DE LES PERSONES GRANS DEPENDENTS I AMB CRONICITAT: CLAUS PER RESPONDRE A LES SEVES NECESSITATS <\/b><b>DES DEL TERRITORI<\/b><\/h3>\n<p data-start=\"2820\" data-end=\"3202\">A la taula en qu\u00e8 va intervenir <a href=\"https:\/\/www.linkedin.com\/in\/teresa-pacheco-tabuenca-b75a5840\/\" target=\"_blank\" rel=\"nofollow noopener\"><strong data-start=\"2851\" data-end=\"2869\">Teresa Pacheco<\/strong><\/a>, <em data-start=\"2871\" data-end=\"2958\">subdirectora general d\u2019Atenci\u00f3 i Cures Sociosanit\u00e0ries de la Comunitat de Madrid<\/em>, es va posar \u00e8mfasi en la necessitat de <strong data-start=\"2988\" data-end=\"3010\">protocols comuns<\/strong>, <strong data-start=\"3012\" data-end=\"3040\">professionals de refer\u00e8ncia<\/strong> i models d\u2019intervenci\u00f3 basats en la proximitat. Es va destacar que els territoris tenen un paper essencial per articular suports coherents i efectius.<\/p>\n<p data-start=\"268\" data-end=\"728\">En el marc del <strong data-start=\"284\" data-end=\"311\">X Congr\u00e9s d\u2019Edat&amp;Vida<\/strong>, volem recon\u00e8ixer tamb\u00e9 la tasca de <a href=\"https:\/\/www.linkedin.com\/in\/joaquim-borr%C3%A1s-b5163a5\/?originalSubdomain=es\" target=\"_blank\" rel=\"nofollow noopener\"><strong data-start=\"354\" data-end=\"373\">Joaquim Borr\u00e0s<\/strong><\/a>, <a href=\"https:\/\/www.linkedin.com\/in\/josepmariavia\/?originalSubdomain=es\" target=\"_blank\" rel=\"nofollow noopener\"><strong data-start=\"375\" data-end=\"395\">Josep Maria Via<\/strong><\/a> i <a href=\"https:\/\/www.linkedin.com\/in\/m%C2%AA-jos%C3%A9-abraham-buades-51837317?originalSubdomain=es\" target=\"_blank\" rel=\"nofollow noopener\"><strong data-start=\"398\" data-end=\"421\">Maria Jos\u00e9 Abraham<\/strong><\/a>, figures clau que, amb el seu lideratge i comprom\u00eds, han impulsat el desenvolupament d\u2019aquests projectes i l\u2019aven\u00e7 de l\u2019atenci\u00f3 integrada. La seva visi\u00f3 i esfor\u00e7 col\u00b7lectiu continuen guiant l\u2019evoluci\u00f3 del sistema cap a models de cures m\u00e9s coordinats i centrats en les necessitats reals de les persones.<\/p>\n<div id='gallery-1' class='gallery galleryid-39578 gallery-columns-5 gallery-size-full'><figure class='gallery-item'>\n\t\t\t<div class='gallery-icon landscape'>\n\t\t\t\t<a href=\"https:\/\/asisted.org\/ca\/blog\/per-que-la-integracio-social-i-sanitaria-es-clau-per-respondre-a-les-necessitats-actuals-de-la-poblacio\/photo-2025-11-17-20-40-212-2\/\"><img fetchpriority=\"high\" decoding=\"async\" width=\"1600\" height=\"1200\" src=\"https:\/\/asisted.org\/wp-content\/uploads\/PHOTO-2025-11-17-20-40-212.jpg\" class=\"attachment-full size-full\" alt=\"\" srcset=\"https:\/\/asisted.org\/wp-content\/uploads\/PHOTO-2025-11-17-20-40-212.jpg 1600w, https:\/\/asisted.org\/wp-content\/uploads\/PHOTO-2025-11-17-20-40-212-300x225.jpg 300w, https:\/\/asisted.org\/wp-content\/uploads\/PHOTO-2025-11-17-20-40-212-1024x768.jpg 1024w, https:\/\/asisted.org\/wp-content\/uploads\/PHOTO-2025-11-17-20-40-212-768x576.jpg 768w, https:\/\/asisted.org\/wp-content\/uploads\/PHOTO-2025-11-17-20-40-212-1536x1152.jpg 1536w\" sizes=\"(max-width: 1600px) 100vw, 1600px\" \/><\/a>\n\t\t\t<\/div><\/figure><figure class='gallery-item'>\n\t\t\t<div class='gallery-icon landscape'>\n\t\t\t\t<a href=\"https:\/\/asisted.org\/ca\/blog\/per-que-la-integracio-social-i-sanitaria-es-clau-per-respondre-a-les-necessitats-actuals-de-la-poblacio\/photo-2025-11-17-20-40-213-2\/\"><img decoding=\"async\" width=\"1600\" height=\"1200\" src=\"https:\/\/asisted.org\/wp-content\/uploads\/PHOTO-2025-11-17-20-40-213.jpg\" class=\"attachment-full size-full\" alt=\"\" srcset=\"https:\/\/asisted.org\/wp-content\/uploads\/PHOTO-2025-11-17-20-40-213.jpg 1600w, https:\/\/asisted.org\/wp-content\/uploads\/PHOTO-2025-11-17-20-40-213-300x225.jpg 300w, https:\/\/asisted.org\/wp-content\/uploads\/PHOTO-2025-11-17-20-40-213-1024x768.jpg 1024w, https:\/\/asisted.org\/wp-content\/uploads\/PHOTO-2025-11-17-20-40-213-768x576.jpg 768w, https:\/\/asisted.org\/wp-content\/uploads\/PHOTO-2025-11-17-20-40-213-1536x1152.jpg 1536w\" sizes=\"(max-width: 1600px) 100vw, 1600px\" \/><\/a>\n\t\t\t<\/div><\/figure><figure class='gallery-item'>\n\t\t\t<div class='gallery-icon landscape'>\n\t\t\t\t<a href=\"https:\/\/asisted.org\/ca\/blog\/per-que-la-integracio-social-i-sanitaria-es-clau-per-respondre-a-les-necessitats-actuals-de-la-poblacio\/photo-2025-11-17-20-40-55-2\/\"><img decoding=\"async\" width=\"1600\" height=\"1200\" src=\"https:\/\/asisted.org\/wp-content\/uploads\/PHOTO-2025-11-17-20-40-55.jpg\" class=\"attachment-full size-full\" alt=\"\" srcset=\"https:\/\/asisted.org\/wp-content\/uploads\/PHOTO-2025-11-17-20-40-55.jpg 1600w, https:\/\/asisted.org\/wp-content\/uploads\/PHOTO-2025-11-17-20-40-55-300x225.jpg 300w, https:\/\/asisted.org\/wp-content\/uploads\/PHOTO-2025-11-17-20-40-55-1024x768.jpg 1024w, https:\/\/asisted.org\/wp-content\/uploads\/PHOTO-2025-11-17-20-40-55-768x576.jpg 768w, https:\/\/asisted.org\/wp-content\/uploads\/PHOTO-2025-11-17-20-40-55-1536x1152.jpg 1536w\" sizes=\"(max-width: 1600px) 100vw, 1600px\" \/><\/a>\n\t\t\t<\/div><\/figure><figure class='gallery-item'>\n\t\t\t<div class='gallery-icon landscape'>\n\t\t\t\t<a href=\"https:\/\/asisted.org\/ca\/blog\/per-que-la-integracio-social-i-sanitaria-es-clau-per-respondre-a-les-necessitats-actuals-de-la-poblacio\/photo-2025-11-17-20-40-552-2\/\"><img loading=\"lazy\" decoding=\"async\" width=\"1600\" height=\"1200\" src=\"https:\/\/asisted.org\/wp-content\/uploads\/PHOTO-2025-11-17-20-40-552.jpg\" class=\"attachment-full size-full\" alt=\"\" srcset=\"https:\/\/asisted.org\/wp-content\/uploads\/PHOTO-2025-11-17-20-40-552.jpg 1600w, https:\/\/asisted.org\/wp-content\/uploads\/PHOTO-2025-11-17-20-40-552-300x225.jpg 300w, https:\/\/asisted.org\/wp-content\/uploads\/PHOTO-2025-11-17-20-40-552-1024x768.jpg 1024w, https:\/\/asisted.org\/wp-content\/uploads\/PHOTO-2025-11-17-20-40-552-768x576.jpg 768w, https:\/\/asisted.org\/wp-content\/uploads\/PHOTO-2025-11-17-20-40-552-1536x1152.jpg 1536w\" sizes=\"(max-width: 1600px) 100vw, 1600px\" \/><\/a>\n\t\t\t<\/div><\/figure><figure class='gallery-item'>\n\t\t\t<div class='gallery-icon landscape'>\n\t\t\t\t<a href=\"https:\/\/asisted.org\/ca\/blog\/per-que-la-integracio-social-i-sanitaria-es-clau-per-respondre-a-les-necessitats-actuals-de-la-poblacio\/photo-2025-11-17-20-55-31-2\/\"><img loading=\"lazy\" decoding=\"async\" width=\"1170\" height=\"864\" src=\"https:\/\/asisted.org\/wp-content\/uploads\/PHOTO-2025-11-17-20-55-31.jpg\" class=\"attachment-full size-full\" alt=\"\" srcset=\"https:\/\/asisted.org\/wp-content\/uploads\/PHOTO-2025-11-17-20-55-31.jpg 1170w, https:\/\/asisted.org\/wp-content\/uploads\/PHOTO-2025-11-17-20-55-31-300x222.jpg 300w, https:\/\/asisted.org\/wp-content\/uploads\/PHOTO-2025-11-17-20-55-31-1024x756.jpg 1024w, https:\/\/asisted.org\/wp-content\/uploads\/PHOTO-2025-11-17-20-55-31-768x567.jpg 768w\" sizes=\"(max-width: 1170px) 100vw, 1170px\" \/><\/a>\n\t\t\t<\/div><\/figure>\n\t\t<\/div>\n\n<h2 data-start=\"3209\" data-end=\"3255\"><strong data-start=\"3212\" data-end=\"3255\">Principis que orienten el nou model<\/strong><\/h2>\n<p data-start=\"3257\" data-end=\"3425\">Els documents institucionals i les l\u00ednies estrat\u00e8giques que acompanyen aquest canvi coincideixen en tres principis fonamentals per avan\u00e7ar cap a una atenci\u00f3 integrada:<\/p>\n<h3 data-start=\"3427\" data-end=\"3471\"><strong data-start=\"3431\" data-end=\"3469\">1. Atenci\u00f3 centrada en la persona<\/strong><\/h3>\n<p data-start=\"3472\" data-end=\"3665\">Garantir que els valors, les prefer\u00e8ncies i els projectes de vida de cada persona se situ\u00efn al centre de la planificaci\u00f3 i la intervenci\u00f3, promovent un rol actiu en el seu propi proc\u00e9s d\u2019atenci\u00f3.<\/p>\n<h3 data-start=\"3667\" data-end=\"3690\"><strong data-start=\"3671\" data-end=\"3688\">2. Proximitat<\/strong><\/h3>\n<p data-start=\"3691\" data-end=\"3876\">Organitzar els recursos des dels territoris per facilitar l\u2019acc\u00e9s i afavorir que l\u2019atenci\u00f3 es presti a l\u2019entorn habitual, especialment als domicilis i a la xarxa comunit\u00e0ria.<\/p>\n<h3 data-start=\"3878\" data-end=\"3910\"><strong data-start=\"3882\" data-end=\"3908\">3. Enfocament comunitari<\/strong><\/h3>\n<p data-start=\"3911\" data-end=\"4091\">Refor\u00e7ar els dispositius i les xarxes de base comunit\u00e0ria, impulsant accions de prevenci\u00f3, suport mutu i participaci\u00f3 social, especialment rellevants en situacions de fragilitat.<\/p>\n<h2 data-start=\"4098\" data-end=\"4119\"><strong data-start=\"4101\" data-end=\"4119\">Propers passos<\/strong><\/h2>\n<p data-start=\"521\" data-end=\"828\">L\u2019entrada en funcionament de la nova Ag\u00e8ncia i el desplegament dels seus estatuts marcaran els pr\u00f2xims anys. Segons el calendari previst, l\u2019estructura quedar\u00e0 constitu\u00efda el <strong data-start=\"698\" data-end=\"719\">novembre de 2026<\/strong>, i el <strong data-start=\"726\" data-end=\"734\">2027<\/strong> s\u2019assolir\u00e0 la interoperabilitat total entre els sistemes d\u2019informaci\u00f3 social i sanitari.<\/p>\n<p data-start=\"830\" data-end=\"1040\">Mentrestant, el sector continua avan\u00e7ant en \u00e0mbits clau com la formaci\u00f3 de professionals, la coordinaci\u00f3 territorial i el desenvolupament d\u2019eines comunes que facilitin la continu\u00eftat de l\u2019atenci\u00f3.<\/p>\n<p data-start=\"273\" data-end=\"594\">Des d\u2019ASISTED reconeixem la tasca d\u2019<strong data-start=\"311\" data-end=\"324\">Edat&amp;Vida<\/strong> per promoure espais de reflexi\u00f3 que contribueixen a orientar l\u2019evoluci\u00f3 del sistema cap a models m\u00e9s coordinats i propers a la realitat de les persones. Aquestes iniciatives ajuden a consolidar una visi\u00f3 compartida entre administracions, entitats i professionals.<\/p>\n<p data-start=\"596\" data-end=\"978\">Avan\u00e7ar cap a un model d\u2019atenci\u00f3 m\u00e9s integrada implica connectar recursos i millorar la col\u00b7laboraci\u00f3 entre els diferents nivells d\u2019atenci\u00f3. Per\u00f2 tamb\u00e9 requereix mantenir la mirada en all\u00f2 quotidi\u00e0: <strong data-start=\"798\" data-end=\"883\">la llar, la comunitat i els entorns on les persones desenvolupen el seu dia a dia<\/strong>.<br data-start=\"884\" data-end=\"887\" \/>\u00c9s en aquests espais on l\u2019atenci\u00f3 pren sentit i on continuem presents cada dia.<\/p>\n","protected":false},"excerpt":{"rendered":"<p>La aprovaci\u00f3 de la llei de l\u2019Ag\u00e8ncia d\u2019Atenci\u00f3 Integrada Social i Sanit\u00e0ria (Agaiss-Cat) representa un aven\u00e7 significatiu en la integraci\u00f3 entre els \u00e0mbits de la salut i els serveis socials a Catalunya. El nou marc sorgeix en un context marcat per un augment sostingut de la longevitat, un major nombre de persones en edats avan\u00e7ades [&hellip;]<\/p>\n","protected":false},"author":4,"featured_media":39579,"comment_status":"closed","ping_status":"closed","sticky":false,"template":"","format":"standard","meta":{"_acf_changed":false,"footnotes":""},"categories":[295],"tags":[318,270,319,320],"class_list":["post-39578","post","type-post","status-publish","format-standard","has-post-thumbnail","hentry","category-assistencia-domiciliaria","tag-atencio-integrada","tag-ciutadans","tag-integracio-social-i-sanitaria","tag-serveis-a-la-persona"],"acf":[],"_links":{"self":[{"href":"https:\/\/asisted.org\/ca\/wp-json\/wp\/v2\/posts\/39578","targetHints":{"allow":["GET"]}}],"collection":[{"href":"https:\/\/asisted.org\/ca\/wp-json\/wp\/v2\/posts"}],"about":[{"href":"https:\/\/asisted.org\/ca\/wp-json\/wp\/v2\/types\/post"}],"author":[{"embeddable":true,"href":"https:\/\/asisted.org\/ca\/wp-json\/wp\/v2\/users\/4"}],"replies":[{"embeddable":true,"href":"https:\/\/asisted.org\/ca\/wp-json\/wp\/v2\/comments?post=39578"}],"version-history":[{"count":0,"href":"https:\/\/asisted.org\/ca\/wp-json\/wp\/v2\/posts\/39578\/revisions"}],"wp:featuredmedia":[{"embeddable":true,"href":"https:\/\/asisted.org\/ca\/wp-json\/wp\/v2\/media\/39579"}],"wp:attachment":[{"href":"https:\/\/asisted.org\/ca\/wp-json\/wp\/v2\/media?parent=39578"}],"wp:term":[{"taxonomy":"category","embeddable":true,"href":"https:\/\/asisted.org\/ca\/wp-json\/wp\/v2\/categories?post=39578"},{"taxonomy":"post_tag","embeddable":true,"href":"https:\/\/asisted.org\/ca\/wp-json\/wp\/v2\/tags?post=39578"}],"curies":[{"name":"wp","href":"https:\/\/api.w.org\/{rel}","templated":true}]}}