{"id":39567,"date":"2025-12-23T10:11:37","date_gmt":"2025-12-23T09:11:37","guid":{"rendered":"https:\/\/asisted.org\/blog\/tanquem-el-2025-reafirmant-la-nostra-manera-de-cuidar\/"},"modified":"2025-12-23T10:11:37","modified_gmt":"2025-12-23T09:11:37","slug":"tanquem-el-2025-reafirmant-la-nostra-manera-de-cuidar","status":"publish","type":"post","link":"https:\/\/asisted.org\/ca\/blog\/tanquem-el-2025-reafirmant-la-nostra-manera-de-cuidar\/","title":{"rendered":"Tanquem el 2025 reafirmant la nostra manera de cuidar"},"content":{"rendered":"<p data-start=\"280\" data-end=\"613\">El tancament d\u2019any \u00e9s un moment per aturar-nos, mirar amb perspectiva i reflexionar sobre el cam\u00ed recorregut. Al llarg d\u2019aquests mesos hem acompanyat persones i fam\u00edlies, hem treballat des de la comunitat i hem continuat construint una manera de cuidar centrada en les persones, basada en la proximitat, l\u2019escolta i el comprom\u00eds.<\/p>\n<p data-start=\"280\" data-end=\"613\"><!--more--><\/p>\n<p data-start=\"653\" data-end=\"961\">Al llarg del 2025 hem impulsat iniciatives, espais i col\u00b7laboracions que reforcen la nostra manera d\u2019entendre la cura com una responsabilitat compartida. Aquest recorregut no s\u2019ent\u00e9n sense les persones a qui acompanyem, els equips professionals i les entitats amb les quals treballem dia a dia.<\/p>\n<h2 data-start=\"963\" data-end=\"1001\">Formaci\u00f3, coneixement i comunitat<\/h2>\n<p data-start=\"1003\" data-end=\"1422\">La formaci\u00f3 i l\u2019intercanvi de coneixement han tornat a ser eixos fonamentals de la nostra activitat. Durant l\u2019any hem desenvolupat i acollit diverses formacions adre\u00e7ades tant a professionals d\u2019ASISTED com a persones cuidadores de l\u2019entorn familiar, abordant \u00e0mbits clau com la mobilitzaci\u00f3 segura, la salut mental, la gesti\u00f3 de dispositius sanitaris o l\u2019acompanyament en situacions de depend\u00e8ncia.<\/p>\n<div id='gallery-1' class='gallery galleryid-39567 gallery-columns-3 gallery-size-full'><figure class='gallery-item'>\n\t\t\t<div class='gallery-icon landscape'>\n\t\t\t\t<a href='https:\/\/asisted.org\/ca\/blog\/segona-sessio-formativa-en-atencio-integral-i-mediacio-en-les-cures-amb-la-fundacio-gentis\/fotos-formacion-4-11-25-4-2\/'><img fetchpriority=\"high\" decoding=\"async\" width=\"1600\" height=\"1200\" src=\"https:\/\/asisted.org\/wp-content\/uploads\/FOTOS-FORMACION-4.11.25-4.jpeg\" class=\"attachment-full size-full\" alt=\"\" srcset=\"https:\/\/asisted.org\/wp-content\/uploads\/FOTOS-FORMACION-4.11.25-4.jpeg 1600w, https:\/\/asisted.org\/wp-content\/uploads\/FOTOS-FORMACION-4.11.25-4-300x225.jpeg 300w, https:\/\/asisted.org\/wp-content\/uploads\/FOTOS-FORMACION-4.11.25-4-1024x768.jpeg 1024w, https:\/\/asisted.org\/wp-content\/uploads\/FOTOS-FORMACION-4.11.25-4-768x576.jpeg 768w, https:\/\/asisted.org\/wp-content\/uploads\/FOTOS-FORMACION-4.11.25-4-1536x1152.jpeg 1536w\" sizes=\"(max-width: 1600px) 100vw, 1600px\" \/><\/a>\n\t\t\t<\/div><\/figure><figure class='gallery-item'>\n\t\t\t<div class='gallery-icon landscape'>\n\t\t\t\t<a href='https:\/\/asisted.org\/ca\/blog\/nova-sessio-formativa-sobre-cures-i-maneig-de-dispositius-sanitaris-en-pacients-en-situacio-de-dependencia\/whatsapp-image-2025-10-01-at-19-17-55-1-2\/'><img decoding=\"async\" width=\"1600\" height=\"714\" src=\"https:\/\/asisted.org\/wp-content\/uploads\/WhatsApp-Image-2025-10-01-at-19.17.55-1.jpeg\" class=\"attachment-full size-full\" alt=\"\" srcset=\"https:\/\/asisted.org\/wp-content\/uploads\/WhatsApp-Image-2025-10-01-at-19.17.55-1.jpeg 1600w, https:\/\/asisted.org\/wp-content\/uploads\/WhatsApp-Image-2025-10-01-at-19.17.55-1-300x134.jpeg 300w, https:\/\/asisted.org\/wp-content\/uploads\/WhatsApp-Image-2025-10-01-at-19.17.55-1-1024x457.jpeg 1024w, https:\/\/asisted.org\/wp-content\/uploads\/WhatsApp-Image-2025-10-01-at-19.17.55-1-768x343.jpeg 768w, https:\/\/asisted.org\/wp-content\/uploads\/WhatsApp-Image-2025-10-01-at-19.17.55-1-1536x685.jpeg 1536w\" sizes=\"(max-width: 1600px) 100vw, 1600px\" \/><\/a>\n\t\t\t<\/div><\/figure><figure class='gallery-item'>\n\t\t\t<div class='gallery-icon landscape'>\n\t\t\t\t<a href='https:\/\/asisted.org\/ca\/whatsapp-image-2025-10-22-at-17-28-39-3\/'><img decoding=\"async\" width=\"1600\" height=\"714\" src=\"https:\/\/asisted.org\/wp-content\/uploads\/WhatsApp-Image-2025-10-22-at-17.28.39.jpeg\" class=\"attachment-full size-full\" alt=\"\" srcset=\"https:\/\/asisted.org\/wp-content\/uploads\/WhatsApp-Image-2025-10-22-at-17.28.39.jpeg 1600w, https:\/\/asisted.org\/wp-content\/uploads\/WhatsApp-Image-2025-10-22-at-17.28.39-300x134.jpeg 300w, https:\/\/asisted.org\/wp-content\/uploads\/WhatsApp-Image-2025-10-22-at-17.28.39-1024x457.jpeg 1024w, https:\/\/asisted.org\/wp-content\/uploads\/WhatsApp-Image-2025-10-22-at-17.28.39-768x343.jpeg 768w, https:\/\/asisted.org\/wp-content\/uploads\/WhatsApp-Image-2025-10-22-at-17.28.39-1536x685.jpeg 1536w\" sizes=\"(max-width: 1600px) 100vw, 1600px\" \/><\/a>\n\t\t\t<\/div><\/figure>\n\t\t<\/div>\n\n<p data-start=\"1424\" data-end=\"1658\">Tamb\u00e9 hem participat en jornades, trobades del sector i espais de reflexi\u00f3 compartida amb altres entitats, refor\u00e7ant el treball en xarxa i el comprom\u00eds amb la millora cont\u00ednua de les cures i del benestar de les persones.<\/p>\n<div id='gallery-2' class='gallery galleryid-39567 gallery-columns-4 gallery-size-full'><figure class='gallery-item'>\n\t\t\t<div class='gallery-icon portrait'>\n\t\t\t\t<a href='https:\/\/asisted.org\/ca\/blog\/tanquem-el-2025-reafirmant-la-nostra-manera-de-cuidar\/whatsapp-image-2025-12-22-at-16-40-40-1-2\/'><img loading=\"lazy\" decoding=\"async\" width=\"1206\" height=\"1493\" src=\"https:\/\/asisted.org\/wp-content\/uploads\/WhatsApp-Image-2025-12-22-at-16.40.40-1.jpeg\" class=\"attachment-full size-full\" alt=\"\" srcset=\"https:\/\/asisted.org\/wp-content\/uploads\/WhatsApp-Image-2025-12-22-at-16.40.40-1.jpeg 1206w, https:\/\/asisted.org\/wp-content\/uploads\/WhatsApp-Image-2025-12-22-at-16.40.40-1-242x300.jpeg 242w, https:\/\/asisted.org\/wp-content\/uploads\/WhatsApp-Image-2025-12-22-at-16.40.40-1-827x1024.jpeg 827w, https:\/\/asisted.org\/wp-content\/uploads\/WhatsApp-Image-2025-12-22-at-16.40.40-1-768x951.jpeg 768w\" sizes=\"(max-width: 1206px) 100vw, 1206px\" \/><\/a>\n\t\t\t<\/div><\/figure><figure class='gallery-item'>\n\t\t\t<div class='gallery-icon portrait'>\n\t\t\t\t<a href='https:\/\/asisted.org\/ca\/blog\/tanquem-el-2025-reafirmant-la-nostra-manera-de-cuidar\/whatsapp-image-2025-12-22-at-16-40-40-2\/'><img loading=\"lazy\" decoding=\"async\" width=\"1206\" height=\"1472\" src=\"https:\/\/asisted.org\/wp-content\/uploads\/WhatsApp-Image-2025-12-22-at-16.40.40.jpeg\" class=\"attachment-full size-full\" alt=\"\" srcset=\"https:\/\/asisted.org\/wp-content\/uploads\/WhatsApp-Image-2025-12-22-at-16.40.40.jpeg 1206w, https:\/\/asisted.org\/wp-content\/uploads\/WhatsApp-Image-2025-12-22-at-16.40.40-246x300.jpeg 246w, https:\/\/asisted.org\/wp-content\/uploads\/WhatsApp-Image-2025-12-22-at-16.40.40-839x1024.jpeg 839w, https:\/\/asisted.org\/wp-content\/uploads\/WhatsApp-Image-2025-12-22-at-16.40.40-768x937.jpeg 768w\" sizes=\"(max-width: 1206px) 100vw, 1206px\" \/><\/a>\n\t\t\t<\/div><\/figure><figure class='gallery-item'>\n\t\t\t<div class='gallery-icon portrait'>\n\t\t\t\t<a href='https:\/\/asisted.org\/ca\/blog\/tanquem-el-2025-reafirmant-la-nostra-manera-de-cuidar\/whatsapp-image-2025-12-22-at-16-40-38-1-2\/'><img loading=\"lazy\" decoding=\"async\" width=\"1206\" height=\"1491\" src=\"https:\/\/asisted.org\/wp-content\/uploads\/WhatsApp-Image-2025-12-22-at-16.40.38-1.jpeg\" class=\"attachment-full size-full\" alt=\"\" srcset=\"https:\/\/asisted.org\/wp-content\/uploads\/WhatsApp-Image-2025-12-22-at-16.40.38-1.jpeg 1206w, https:\/\/asisted.org\/wp-content\/uploads\/WhatsApp-Image-2025-12-22-at-16.40.38-1-243x300.jpeg 243w, https:\/\/asisted.org\/wp-content\/uploads\/WhatsApp-Image-2025-12-22-at-16.40.38-1-828x1024.jpeg 828w, https:\/\/asisted.org\/wp-content\/uploads\/WhatsApp-Image-2025-12-22-at-16.40.38-1-768x949.jpeg 768w\" sizes=\"(max-width: 1206px) 100vw, 1206px\" \/><\/a>\n\t\t\t<\/div><\/figure><figure class='gallery-item'>\n\t\t\t<div class='gallery-icon portrait'>\n\t\t\t\t<a href='https:\/\/asisted.org\/ca\/blog\/tanquem-el-2025-reafirmant-la-nostra-manera-de-cuidar\/whatsapp-image-2025-11-11-at-09-33-48-2-2\/'><img loading=\"lazy\" decoding=\"async\" width=\"1536\" height=\"2048\" src=\"https:\/\/asisted.org\/wp-content\/uploads\/WhatsApp-Image-2025-11-11-at-09.33.48-2.jpeg\" class=\"attachment-full size-full\" alt=\"\" srcset=\"https:\/\/asisted.org\/wp-content\/uploads\/WhatsApp-Image-2025-11-11-at-09.33.48-2.jpeg 1536w, https:\/\/asisted.org\/wp-content\/uploads\/WhatsApp-Image-2025-11-11-at-09.33.48-2-225x300.jpeg 225w, https:\/\/asisted.org\/wp-content\/uploads\/WhatsApp-Image-2025-11-11-at-09.33.48-2-768x1024.jpeg 768w, https:\/\/asisted.org\/wp-content\/uploads\/WhatsApp-Image-2025-11-11-at-09.33.48-2-1152x1536.jpeg 1152w\" sizes=\"(max-width: 1536px) 100vw, 1536px\" \/><\/a>\n\t\t\t<\/div><\/figure>\n\t\t<\/div>\n\n<h2 data-start=\"1660\" data-end=\"1700\">Espais de trobada i participaci\u00f3<\/h2>\n<p data-start=\"1702\" data-end=\"1908\">Al llarg d\u2019aquests mesos hem creat espais per al di\u00e0leg i la participaci\u00f3, com els <strong data-start=\"1795\" data-end=\"1822\">Caf\u00e8s amb el President<\/strong>, que han perm\u00e8s compartir mirades, inquietuds i propostes en un entorn proper.<\/p>\n<div id='gallery-3' class='gallery galleryid-39567 gallery-columns-4 gallery-size-full'><figure class='gallery-item'>\n\t\t\t<div class='gallery-icon landscape'>\n\t\t\t\t<a href='https:\/\/asisted.org\/ca\/blog\/cafes-amb-el-president-un-espai-descolta-i-proximitat\/whatsapp-image-2025-07-17-at-18-20-42-1-2\/'><img loading=\"lazy\" decoding=\"async\" width=\"1600\" height=\"1200\" src=\"https:\/\/asisted.org\/wp-content\/uploads\/WhatsApp-Image-2025-07-17-at-18.20.42-1.jpeg\" class=\"attachment-full size-full\" alt=\"\" srcset=\"https:\/\/asisted.org\/wp-content\/uploads\/WhatsApp-Image-2025-07-17-at-18.20.42-1.jpeg 1600w, https:\/\/asisted.org\/wp-content\/uploads\/WhatsApp-Image-2025-07-17-at-18.20.42-1-300x225.jpeg 300w, https:\/\/asisted.org\/wp-content\/uploads\/WhatsApp-Image-2025-07-17-at-18.20.42-1-1024x768.jpeg 1024w, https:\/\/asisted.org\/wp-content\/uploads\/WhatsApp-Image-2025-07-17-at-18.20.42-1-768x576.jpeg 768w, https:\/\/asisted.org\/wp-content\/uploads\/WhatsApp-Image-2025-07-17-at-18.20.42-1-1536x1152.jpeg 1536w\" sizes=\"(max-width: 1600px) 100vw, 1600px\" \/><\/a>\n\t\t\t<\/div><\/figure><figure class='gallery-item'>\n\t\t\t<div class='gallery-icon landscape'>\n\t\t\t\t<a href='https:\/\/asisted.org\/ca\/blog\/cafes-amb-el-president-un-espai-descolta-i-proximitat\/whatsapp-image-2025-06-20-at-09-30-09-1-2\/'><img loading=\"lazy\" decoding=\"async\" width=\"1600\" height=\"1200\" src=\"https:\/\/asisted.org\/wp-content\/uploads\/WhatsApp-Image-2025-06-20-at-09.30.09-1.jpeg\" class=\"attachment-full size-full\" alt=\"\" srcset=\"https:\/\/asisted.org\/wp-content\/uploads\/WhatsApp-Image-2025-06-20-at-09.30.09-1.jpeg 1600w, https:\/\/asisted.org\/wp-content\/uploads\/WhatsApp-Image-2025-06-20-at-09.30.09-1-300x225.jpeg 300w, https:\/\/asisted.org\/wp-content\/uploads\/WhatsApp-Image-2025-06-20-at-09.30.09-1-1024x768.jpeg 1024w, https:\/\/asisted.org\/wp-content\/uploads\/WhatsApp-Image-2025-06-20-at-09.30.09-1-768x576.jpeg 768w, https:\/\/asisted.org\/wp-content\/uploads\/WhatsApp-Image-2025-06-20-at-09.30.09-1-1536x1152.jpeg 1536w\" sizes=\"(max-width: 1600px) 100vw, 1600px\" \/><\/a>\n\t\t\t<\/div><\/figure><figure class='gallery-item'>\n\t\t\t<div class='gallery-icon landscape'>\n\t\t\t\t<a href='https:\/\/asisted.org\/ca\/blog\/cafes-amb-el-president-un-espai-descolta-i-proximitat\/whatsapp-image-2025-06-18-at-19-01-03-2-2\/'><img loading=\"lazy\" decoding=\"async\" width=\"1600\" height=\"1200\" src=\"https:\/\/asisted.org\/wp-content\/uploads\/WhatsApp-Image-2025-06-18-at-19.01.03-2.jpeg\" class=\"attachment-full size-full\" alt=\"\" srcset=\"https:\/\/asisted.org\/wp-content\/uploads\/WhatsApp-Image-2025-06-18-at-19.01.03-2.jpeg 1600w, https:\/\/asisted.org\/wp-content\/uploads\/WhatsApp-Image-2025-06-18-at-19.01.03-2-300x225.jpeg 300w, https:\/\/asisted.org\/wp-content\/uploads\/WhatsApp-Image-2025-06-18-at-19.01.03-2-1024x768.jpeg 1024w, https:\/\/asisted.org\/wp-content\/uploads\/WhatsApp-Image-2025-06-18-at-19.01.03-2-768x576.jpeg 768w, https:\/\/asisted.org\/wp-content\/uploads\/WhatsApp-Image-2025-06-18-at-19.01.03-2-1536x1152.jpeg 1536w\" sizes=\"(max-width: 1600px) 100vw, 1600px\" \/><\/a>\n\t\t\t<\/div><\/figure><figure class='gallery-item'>\n\t\t\t<div class='gallery-icon landscape'>\n\t\t\t\t<a href='https:\/\/asisted.org\/ca\/blog\/cafes-amb-el-president-un-espai-descolta-i-proximitat\/whatsapp-image-2025-05-29-at-13-44-32-3-2\/'><img loading=\"lazy\" decoding=\"async\" width=\"1600\" height=\"1200\" src=\"https:\/\/asisted.org\/wp-content\/uploads\/WhatsApp-Image-2025-05-29-at-13.44.32-3.jpeg\" class=\"attachment-full size-full\" alt=\"\" srcset=\"https:\/\/asisted.org\/wp-content\/uploads\/WhatsApp-Image-2025-05-29-at-13.44.32-3.jpeg 1600w, https:\/\/asisted.org\/wp-content\/uploads\/WhatsApp-Image-2025-05-29-at-13.44.32-3-300x225.jpeg 300w, https:\/\/asisted.org\/wp-content\/uploads\/WhatsApp-Image-2025-05-29-at-13.44.32-3-1024x768.jpeg 1024w, https:\/\/asisted.org\/wp-content\/uploads\/WhatsApp-Image-2025-05-29-at-13.44.32-3-768x576.jpeg 768w, https:\/\/asisted.org\/wp-content\/uploads\/WhatsApp-Image-2025-05-29-at-13.44.32-3-1536x1152.jpeg 1536w\" sizes=\"(max-width: 1600px) 100vw, 1600px\" \/><\/a>\n\t\t\t<\/div><\/figure>\n\t\t<\/div>\n\n<p data-start=\"1910\" data-end=\"2132\">Un dels moments destacats de l\u2019any ha estat la <strong data-start=\"1960\" data-end=\"1982\">3a Jornada ASISTED<\/strong>, un punt de trobada per refor\u00e7ar vincles, compartir experi\u00e8ncies i posar en valor la feina dels equips que fan possible el nostre dia a dia.<\/p>\n<div id='gallery-4' class='gallery galleryid-39567 gallery-columns-4 gallery-size-full'><figure class='gallery-item'>\n\t\t\t<div class='gallery-icon landscape'>\n\t\t\t\t<a href='https:\/\/asisted.org\/ca\/blog\/aixi-vam-celebrar-la-3a-jornada-asisted\/_v7a8724_rrss-2\/'><img loading=\"lazy\" decoding=\"async\" width=\"2400\" height=\"1600\" src=\"https:\/\/asisted.org\/wp-content\/uploads\/V7A8724_RRSS.jpg\" class=\"attachment-full size-full\" alt=\"\" srcset=\"https:\/\/asisted.org\/wp-content\/uploads\/V7A8724_RRSS.jpg 2400w, https:\/\/asisted.org\/wp-content\/uploads\/V7A8724_RRSS-300x200.jpg 300w, https:\/\/asisted.org\/wp-content\/uploads\/V7A8724_RRSS-1024x683.jpg 1024w, https:\/\/asisted.org\/wp-content\/uploads\/V7A8724_RRSS-768x512.jpg 768w, https:\/\/asisted.org\/wp-content\/uploads\/V7A8724_RRSS-1536x1024.jpg 1536w, https:\/\/asisted.org\/wp-content\/uploads\/V7A8724_RRSS-2048x1365.jpg 2048w\" sizes=\"(max-width: 2400px) 100vw, 2400px\" \/><\/a>\n\t\t\t<\/div><\/figure><figure class='gallery-item'>\n\t\t\t<div class='gallery-icon landscape'>\n\t\t\t\t<a href='https:\/\/asisted.org\/ca\/blog\/aixi-vam-celebrar-la-3a-jornada-asisted\/asistednov2025_182_rrss-2\/'><img loading=\"lazy\" decoding=\"async\" width=\"2100\" height=\"1400\" src=\"https:\/\/asisted.org\/wp-content\/uploads\/AsistedNov2025_182_RRSS.jpg\" class=\"attachment-full size-full\" alt=\"\" srcset=\"https:\/\/asisted.org\/wp-content\/uploads\/AsistedNov2025_182_RRSS.jpg 2100w, https:\/\/asisted.org\/wp-content\/uploads\/AsistedNov2025_182_RRSS-300x200.jpg 300w, https:\/\/asisted.org\/wp-content\/uploads\/AsistedNov2025_182_RRSS-1024x683.jpg 1024w, https:\/\/asisted.org\/wp-content\/uploads\/AsistedNov2025_182_RRSS-768x512.jpg 768w, https:\/\/asisted.org\/wp-content\/uploads\/AsistedNov2025_182_RRSS-1536x1024.jpg 1536w, https:\/\/asisted.org\/wp-content\/uploads\/AsistedNov2025_182_RRSS-2048x1365.jpg 2048w\" sizes=\"(max-width: 2100px) 100vw, 2100px\" \/><\/a>\n\t\t\t<\/div><\/figure><figure class='gallery-item'>\n\t\t\t<div class='gallery-icon landscape'>\n\t\t\t\t<a href='https:\/\/asisted.org\/ca\/blog\/aixi-vam-celebrar-la-3a-jornada-asisted\/asistednov2025_132_rrss-2\/'><img loading=\"lazy\" decoding=\"async\" width=\"2100\" height=\"1400\" src=\"https:\/\/asisted.org\/wp-content\/uploads\/AsistedNov2025_132_RRSS.jpg\" class=\"attachment-full size-full\" alt=\"\" srcset=\"https:\/\/asisted.org\/wp-content\/uploads\/AsistedNov2025_132_RRSS.jpg 2100w, https:\/\/asisted.org\/wp-content\/uploads\/AsistedNov2025_132_RRSS-300x200.jpg 300w, https:\/\/asisted.org\/wp-content\/uploads\/AsistedNov2025_132_RRSS-1024x683.jpg 1024w, https:\/\/asisted.org\/wp-content\/uploads\/AsistedNov2025_132_RRSS-768x512.jpg 768w, https:\/\/asisted.org\/wp-content\/uploads\/AsistedNov2025_132_RRSS-1536x1024.jpg 1536w, https:\/\/asisted.org\/wp-content\/uploads\/AsistedNov2025_132_RRSS-2048x1365.jpg 2048w\" sizes=\"(max-width: 2100px) 100vw, 2100px\" \/><\/a>\n\t\t\t<\/div><\/figure><figure class='gallery-item'>\n\t\t\t<div class='gallery-icon landscape'>\n\t\t\t\t<a href='https:\/\/asisted.org\/ca\/blog\/aixi-vam-celebrar-la-3a-jornada-asisted\/asistednov2025_108_rrss-2\/'><img loading=\"lazy\" decoding=\"async\" width=\"2100\" height=\"1500\" src=\"https:\/\/asisted.org\/wp-content\/uploads\/AsistedNov2025_108_RRSS.jpg\" class=\"attachment-full size-full\" alt=\"\" srcset=\"https:\/\/asisted.org\/wp-content\/uploads\/AsistedNov2025_108_RRSS.jpg 2100w, https:\/\/asisted.org\/wp-content\/uploads\/AsistedNov2025_108_RRSS-300x214.jpg 300w, https:\/\/asisted.org\/wp-content\/uploads\/AsistedNov2025_108_RRSS-1024x731.jpg 1024w, https:\/\/asisted.org\/wp-content\/uploads\/AsistedNov2025_108_RRSS-768x549.jpg 768w, https:\/\/asisted.org\/wp-content\/uploads\/AsistedNov2025_108_RRSS-1536x1097.jpg 1536w, https:\/\/asisted.org\/wp-content\/uploads\/AsistedNov2025_108_RRSS-2048x1463.jpg 2048w\" sizes=\"(max-width: 2100px) 100vw, 2100px\" \/><\/a>\n\t\t\t<\/div><\/figure>\n\t\t<\/div>\n\n<p data-start=\"2134\" data-end=\"2356\">Tamb\u00e9 hem volgut cuidar els espais interns de relaci\u00f3 i reconeixement, celebrant el sopar anual amb el personal d\u2019oficines a <strong data-start=\"2271\" data-end=\"2286\">Casa Moritz<\/strong>, una trobada per compartir, agrair i continuar construint equip.<\/p>\n<p data-start=\"2134\" data-end=\"2356\"><img loading=\"lazy\" decoding=\"async\" class=\"alignnone size-medium wp-image-39061\" src=\"https:\/\/asisted.org\/wp-content\/uploads\/WhatsApp-Image-2025-12-19-at-08.03.24-2-225x300.jpeg\" alt=\"\" width=\"225\" height=\"300\" srcset=\"https:\/\/asisted.org\/wp-content\/uploads\/WhatsApp-Image-2025-12-19-at-08.03.24-2-225x300.jpeg 225w, https:\/\/asisted.org\/wp-content\/uploads\/WhatsApp-Image-2025-12-19-at-08.03.24-2-768x1024.jpeg 768w, https:\/\/asisted.org\/wp-content\/uploads\/WhatsApp-Image-2025-12-19-at-08.03.24-2-1152x1536.jpeg 1152w, https:\/\/asisted.org\/wp-content\/uploads\/WhatsApp-Image-2025-12-19-at-08.03.24-2.jpeg 1200w\" sizes=\"(max-width: 225px) 100vw, 225px\" \/> <img loading=\"lazy\" decoding=\"async\" class=\"alignnone size-medium wp-image-39062\" src=\"https:\/\/asisted.org\/wp-content\/uploads\/WhatsApp-Image-2025-12-19-at-08.03.23-1-225x300.jpeg\" alt=\"\" width=\"225\" height=\"300\" srcset=\"https:\/\/asisted.org\/wp-content\/uploads\/WhatsApp-Image-2025-12-19-at-08.03.23-1-225x300.jpeg 225w, https:\/\/asisted.org\/wp-content\/uploads\/WhatsApp-Image-2025-12-19-at-08.03.23-1-768x1024.jpeg 768w, https:\/\/asisted.org\/wp-content\/uploads\/WhatsApp-Image-2025-12-19-at-08.03.23-1-1152x1536.jpeg 1152w, https:\/\/asisted.org\/wp-content\/uploads\/WhatsApp-Image-2025-12-19-at-08.03.23-1.jpeg 1200w\" sizes=\"(max-width: 225px) 100vw, 225px\" \/> <img loading=\"lazy\" decoding=\"async\" class=\"alignnone size-medium wp-image-39063\" src=\"https:\/\/asisted.org\/wp-content\/uploads\/WhatsApp-Image-2025-12-19-at-08.03.21-225x300.jpeg\" alt=\"\" width=\"225\" height=\"300\" srcset=\"https:\/\/asisted.org\/wp-content\/uploads\/WhatsApp-Image-2025-12-19-at-08.03.21-225x300.jpeg 225w, https:\/\/asisted.org\/wp-content\/uploads\/WhatsApp-Image-2025-12-19-at-08.03.21-768x1024.jpeg 768w, https:\/\/asisted.org\/wp-content\/uploads\/WhatsApp-Image-2025-12-19-at-08.03.21-1152x1536.jpeg 1152w, https:\/\/asisted.org\/wp-content\/uploads\/WhatsApp-Image-2025-12-19-at-08.03.21.jpeg 1200w\" sizes=\"(max-width: 225px) 100vw, 225px\" \/><\/p>\n<h2 data-start=\"2358\" data-end=\"2402\">Una nova web per reflectir qui som<\/h2>\n<p data-start=\"2404\" data-end=\"2666\"><img loading=\"lazy\" decoding=\"async\" class=\"wp-image-39064 alignleft\" src=\"https:\/\/asisted.org\/wp-content\/uploads\/Diseno-sin-titulo-14.png\" alt=\"\" width=\"234\" height=\"164\" srcset=\"https:\/\/asisted.org\/wp-content\/uploads\/Diseno-sin-titulo-14.png 1920w, https:\/\/asisted.org\/wp-content\/uploads\/Diseno-sin-titulo-14-300x210.png 300w, https:\/\/asisted.org\/wp-content\/uploads\/Diseno-sin-titulo-14-1024x717.png 1024w, https:\/\/asisted.org\/wp-content\/uploads\/Diseno-sin-titulo-14-768x538.png 768w, https:\/\/asisted.org\/wp-content\/uploads\/Diseno-sin-titulo-14-1536x1075.png 1536w\" sizes=\"(max-width: 234px) 100vw, 234px\" \/>Aquest any hem fet un pas important amb el llan\u00e7ament de la nostra nova web. Un espai renovat que transmet de manera m\u00e9s clara qui som, qu\u00e8 fem i per qu\u00e8 ho fem, alineat amb la nostra manera de treballar i amb els valors que defineixen ASISTED.<\/p>\n<p data-start=\"2668\" data-end=\"2823\">La nova web \u00e9s tamb\u00e9 una eina per facilitar la informaci\u00f3, l\u2019acompanyament i la relaci\u00f3 amb les persones i fam\u00edlies que confien en nosaltres.<\/p>\n<h2 data-start=\"2825\" data-end=\"2853\">Gestos que tamb\u00e9 cuiden<\/h2>\n<p data-start=\"2855\" data-end=\"3190\">El tancament de l\u2019any ha estat marcat per un gest col\u00b7lectiu de reconeixement i agra\u00efment. Durant aquests dies de desembre hem repartit m\u00e9s de <strong data-start=\"3005\" data-end=\"3028\">750 lots nadalencs<\/strong>, en col\u00b7laboraci\u00f3 amb la <strong data-start=\"3053\" data-end=\"3094\"><span class=\"hover:entity-accent entity-underline inline cursor-pointer align-baseline\"><span class=\"whitespace-normal\">Fundaci\u00f3 Portol\u00e0<\/span><\/span><\/strong>, com a mostra de cura, proximitat i comprom\u00eds amb les persones que formen part d\u2019ASISTED.<\/p>\n<div id='gallery-5' class='gallery galleryid-39567 gallery-columns-4 gallery-size-full'><figure class='gallery-item'>\n\t\t\t<div class='gallery-icon portrait'>\n\t\t\t\t<a href='https:\/\/asisted.org\/ca\/blog\/tanquem-el-2025-reafirmant-la-nostra-manera-de-cuidar\/oplus_137363488-2\/'><img loading=\"lazy\" decoding=\"async\" width=\"1425\" height=\"2185\" src=\"https:\/\/asisted.org\/wp-content\/uploads\/IMG20251211163455-scaled-e1766480940266.jpg\" class=\"attachment-full size-full\" alt=\"\" srcset=\"https:\/\/asisted.org\/wp-content\/uploads\/IMG20251211163455-scaled-e1766480940266.jpg 1425w, https:\/\/asisted.org\/wp-content\/uploads\/IMG20251211163455-scaled-e1766480940266-196x300.jpg 196w, https:\/\/asisted.org\/wp-content\/uploads\/IMG20251211163455-scaled-e1766480940266-668x1024.jpg 668w, https:\/\/asisted.org\/wp-content\/uploads\/IMG20251211163455-scaled-e1766480940266-768x1178.jpg 768w, https:\/\/asisted.org\/wp-content\/uploads\/IMG20251211163455-scaled-e1766480940266-1002x1536.jpg 1002w, https:\/\/asisted.org\/wp-content\/uploads\/IMG20251211163455-scaled-e1766480940266-1336x2048.jpg 1336w\" sizes=\"(max-width: 1425px) 100vw, 1425px\" \/><\/a>\n\t\t\t<\/div><\/figure><figure class='gallery-item'>\n\t\t\t<div class='gallery-icon portrait'>\n\t\t\t\t<a href='https:\/\/asisted.org\/ca\/blog\/tanquem-el-2025-reafirmant-la-nostra-manera-de-cuidar\/img-20251216-wa0007-2\/'><img loading=\"lazy\" decoding=\"async\" width=\"1200\" height=\"1600\" src=\"https:\/\/asisted.org\/wp-content\/uploads\/IMG-20251216-WA0007.jpg\" class=\"attachment-full size-full\" alt=\"\" srcset=\"https:\/\/asisted.org\/wp-content\/uploads\/IMG-20251216-WA0007.jpg 1200w, https:\/\/asisted.org\/wp-content\/uploads\/IMG-20251216-WA0007-225x300.jpg 225w, https:\/\/asisted.org\/wp-content\/uploads\/IMG-20251216-WA0007-768x1024.jpg 768w, https:\/\/asisted.org\/wp-content\/uploads\/IMG-20251216-WA0007-1152x1536.jpg 1152w\" sizes=\"(max-width: 1200px) 100vw, 1200px\" \/><\/a>\n\t\t\t<\/div><\/figure><figure class='gallery-item'>\n\t\t\t<div class='gallery-icon portrait'>\n\t\t\t\t<a href='https:\/\/asisted.org\/ca\/blog\/tanquem-el-2025-reafirmant-la-nostra-manera-de-cuidar\/whatsapp-image-2025-12-17-at-12-51-40-2\/'><img loading=\"lazy\" decoding=\"async\" width=\"1204\" height=\"1600\" src=\"https:\/\/asisted.org\/wp-content\/uploads\/WhatsApp-Image-2025-12-17-at-12.51.40.jpeg\" class=\"attachment-full size-full\" alt=\"\" srcset=\"https:\/\/asisted.org\/wp-content\/uploads\/WhatsApp-Image-2025-12-17-at-12.51.40.jpeg 1204w, https:\/\/asisted.org\/wp-content\/uploads\/WhatsApp-Image-2025-12-17-at-12.51.40-226x300.jpeg 226w, https:\/\/asisted.org\/wp-content\/uploads\/WhatsApp-Image-2025-12-17-at-12.51.40-771x1024.jpeg 771w, https:\/\/asisted.org\/wp-content\/uploads\/WhatsApp-Image-2025-12-17-at-12.51.40-768x1021.jpeg 768w, https:\/\/asisted.org\/wp-content\/uploads\/WhatsApp-Image-2025-12-17-at-12.51.40-1156x1536.jpeg 1156w\" sizes=\"(max-width: 1204px) 100vw, 1204px\" \/><\/a>\n\t\t\t<\/div><\/figure><figure class='gallery-item'>\n\t\t\t<div class='gallery-icon portrait'>\n\t\t\t\t<a href='https:\/\/asisted.org\/ca\/blog\/tanquem-el-2025-reafirmant-la-nostra-manera-de-cuidar\/whatsapp-image-2025-12-12-at-12-10-22-2\/'><img loading=\"lazy\" decoding=\"async\" width=\"1200\" height=\"1600\" src=\"https:\/\/asisted.org\/wp-content\/uploads\/WhatsApp-Image-2025-12-12-at-12.10.22.jpeg\" class=\"attachment-full size-full\" alt=\"\" srcset=\"https:\/\/asisted.org\/wp-content\/uploads\/WhatsApp-Image-2025-12-12-at-12.10.22.jpeg 1200w, https:\/\/asisted.org\/wp-content\/uploads\/WhatsApp-Image-2025-12-12-at-12.10.22-225x300.jpeg 225w, https:\/\/asisted.org\/wp-content\/uploads\/WhatsApp-Image-2025-12-12-at-12.10.22-768x1024.jpeg 768w, https:\/\/asisted.org\/wp-content\/uploads\/WhatsApp-Image-2025-12-12-at-12.10.22-1152x1536.jpeg 1152w\" sizes=\"(max-width: 1200px) 100vw, 1200px\" \/><\/a>\n\t\t\t<\/div><\/figure>\n\t\t<\/div>\n\n<h2 data-start=\"3192\" data-end=\"3217\">Mirant cap al futur<\/h2>\n<p data-start=\"3219\" data-end=\"3565\">Res de tot el que hem viscut aquest any seria possible sense la confian\u00e7a de les persones a qui acompanyem ni sense la implicaci\u00f3 dels equips i les entitats amb les quals treballem di\u00e0riament. Aquest cam\u00ed que recorrem de manera compartida \u00e9s el que ens permet continuar avan\u00e7ant, adaptar-nos a noves realitats i respondre amb rigor i proximitat als reptes del present i del futur.<\/p>\n<p data-start=\"3567\" data-end=\"3704\">Continuem treballant perqu\u00e8 cada persona pugui desenvolupar el seu projecte de vida amb dignitat, a casa seva i en l\u2019entorn que ha escollit.<\/p>\n","protected":false},"excerpt":{"rendered":"<p>El tancament d\u2019any \u00e9s un moment per aturar-nos, mirar amb perspectiva i reflexionar sobre el cam\u00ed recorregut. Al llarg d\u2019aquests mesos hem acompanyat persones i fam\u00edlies, hem treballat des de la comunitat i hem continuat construint una manera de cuidar centrada en les persones, basada en la proximitat, l\u2019escolta i el comprom\u00eds.<\/p>\n","protected":false},"author":4,"featured_media":39575,"comment_status":"closed","ping_status":"closed","sticky":false,"template":"","format":"standard","meta":{"_acf_changed":false,"footnotes":""},"categories":[279],"tags":[314,315,283,316,317],"class_list":["post-39567","post","type-post","status-publish","format-standard","has-post-thumbnail","hentry","category-asisted","tag-314","tag-corporatiu","tag-equip","tag-fites","tag-resum"],"acf":[],"_links":{"self":[{"href":"https:\/\/asisted.org\/ca\/wp-json\/wp\/v2\/posts\/39567","targetHints":{"allow":["GET"]}}],"collection":[{"href":"https:\/\/asisted.org\/ca\/wp-json\/wp\/v2\/posts"}],"about":[{"href":"https:\/\/asisted.org\/ca\/wp-json\/wp\/v2\/types\/post"}],"author":[{"embeddable":true,"href":"https:\/\/asisted.org\/ca\/wp-json\/wp\/v2\/users\/4"}],"replies":[{"embeddable":true,"href":"https:\/\/asisted.org\/ca\/wp-json\/wp\/v2\/comments?post=39567"}],"version-history":[{"count":0,"href":"https:\/\/asisted.org\/ca\/wp-json\/wp\/v2\/posts\/39567\/revisions"}],"wp:featuredmedia":[{"embeddable":true,"href":"https:\/\/asisted.org\/ca\/wp-json\/wp\/v2\/media\/39575"}],"wp:attachment":[{"href":"https:\/\/asisted.org\/ca\/wp-json\/wp\/v2\/media?parent=39567"}],"wp:term":[{"taxonomy":"category","embeddable":true,"href":"https:\/\/asisted.org\/ca\/wp-json\/wp\/v2\/categories?post=39567"},{"taxonomy":"post_tag","embeddable":true,"href":"https:\/\/asisted.org\/ca\/wp-json\/wp\/v2\/tags?post=39567"}],"curies":[{"name":"wp","href":"https:\/\/api.w.org\/{rel}","templated":true}]}}