{"id":39318,"date":"2025-01-14T09:57:46","date_gmt":"2025-01-14T08:57:46","guid":{"rendered":"https:\/\/asisted.org\/blog\/desinstitucionalitzacio-de-les-cures-a-espanya\/"},"modified":"2025-01-14T09:57:46","modified_gmt":"2025-01-14T08:57:46","slug":"desinstitucionalitzacio-de-les-cures-a-espanya","status":"publish","type":"post","link":"https:\/\/asisted.org\/ca\/blog\/desinstitucionalitzacio-de-les-cures-a-espanya\/","title":{"rendered":"Desinstitucionalitzaci\u00f3 de les cures a Espanya"},"content":{"rendered":"<p>La desinstitucionalitzaci\u00f3 de les cures \u00e9s un proc\u00e9s que busca <strong>traslladar l\u2019atenci\u00f3 de les persones dependents<\/strong> des de resid\u00e8ncies i grans institucions cap a entorns comunitaris i llars pr\u00f2pies. Aquest enfocament promou una <strong>vida m\u00e9s aut\u00f2noma i integrada<\/strong>, millorant la qualitat de vida de les persones en situaci\u00f3 de depend\u00e8ncia. A Espanya, comunitats com Catalunya i Madrid han comen\u00e7at a implementar estrat\u00e8gies per avan\u00e7ar cap a aquest model.<\/p>\n<p><!--more--> <\/p>\n<h2><strong>Qu\u00e8 \u00e9s la desinstitucionalitzaci\u00f3 i per qu\u00e8 \u00e9s important?<\/strong><\/h2>\n<p> La desinstitucionalitzaci\u00f3 no nom\u00e9s implica traslladar les persones des d\u2019institucions residencials cap a les seves llars, sin\u00f3 que tamb\u00e9 <strong>promou el dret a decidir com i on volen viure<\/strong>, tal com estableix la Convenci\u00f3 de l\u2019ONU sobre els Drets de les Persones amb Discapacitat. L\u2019objectiu \u00e9s oferir serveis i suports adequats en l\u2019entorn comunitari perqu\u00e8 les persones dependents puguin mantenir una vida digna i aut\u00f2noma. <\/p>\n<h2><strong>Context a Espanya<\/strong><\/h2>\n<p> En els darrers anys, Espanya ha comen\u00e7at a treballar en la implementaci\u00f3 de pol\u00edtiques de desinstitucionalitzaci\u00f3. El 2024, el Ministeri de Drets Socials i Agenda 2030 va presentar l\u2019<strong>\u201cEstrat\u00e8gia Estatal de Desinstitucionalitzaci\u00f3\u201d<\/strong> amb un horitz\u00f3 d\u2019aplicaci\u00f3 fins al 2030. Aquesta estrat\u00e8gia busca refor\u00e7ar els serveis comunitaris, amb una atenci\u00f3 especial a les persones grans i a les persones amb discapacitat. <\/p>\n<h3><strong>A Catalunya<\/strong><\/h3>\n<p> Catalunya ha estat pionera en el desenvolupament de programes pilot que permeten la transici\u00f3 de les persones des d\u2019institucions cap a habitatges comunitaris amb suports personalitzats. Aquestes iniciatives destaquen per: <\/p>\n<ul>\n<li><strong>Solucions habitacionals amb suport:<\/strong> petits habitatges amb serveis adaptats per fomentar l\u2019autonomia.<\/li>\n<li><strong>Prevenci\u00f3 i respostes primerenques:<\/strong> serveis d\u2019atenci\u00f3 domicili\u00e0ria que eviten ingressos innecessaris en resid\u00e8ncies.<\/li>\n<\/ul>\n<h3><strong>A Madrid<\/strong><\/h3>\n<p> La Comunitat de Madrid ha implementat un model d\u2019atenci\u00f3 m\u00e9s personalitzat, creant <strong>unitats residencials m\u00e9s petites<\/strong> que simulen entorns familiars. A m\u00e9s, ha refor\u00e7at els programes de suport a domicili per reduir la necessitat d\u2019institucionalitzaci\u00f3, promovent aix\u00ed la vida independent. <\/p>\n<h2><strong>Beneficis de la desinstitucionalitzaci\u00f3<\/strong><\/h2>\n<ol>\n<li><strong>Autonomia i empoderament:<\/strong> les persones dependents recuperen la capacitat de decidir sobre el seu dia a dia.<\/li>\n<li><strong>Reducci\u00f3 de l\u2019a\u00efllament:<\/strong> viure en comunitat refor\u00e7a el sentiment de pertinen\u00e7a i redueix els riscos d\u2019exclusi\u00f3 social.<\/li>\n<li><strong>Atenci\u00f3 centrada en la persona:<\/strong> els serveis s\u2019adapten a les necessitats de cada individu, promovent una cura personalitzada.<\/li>\n<\/ol>\n<h2><strong>Reptes de la desinstitucionalitzaci\u00f3 a Espanya<\/strong><\/h2>\n<p> Malgrat els seus beneficis, la desinstitucionalitzaci\u00f3 afronta diversos reptes: <\/p>\n<ul>\n<li><strong>Recursos insuficients:<\/strong> la transformaci\u00f3 dels sistemes de cura requereix una inversi\u00f3 significativa per refor\u00e7ar els serveis comunitaris.<\/li>\n<li><strong>Necessitat de formaci\u00f3:<\/strong> els professionals del sector han d\u2019estar preparats per oferir suport en entorns comunitaris i domicilis particulars.<\/li>\n<li><strong>Canvi cultural:<\/strong> la societat ha d\u2019entendre la import\u00e0ncia de la inclusi\u00f3 i fomentar la participaci\u00f3 activa de les persones amb depend\u00e8ncia a la comunitat.<\/li>\n<\/ul>\n<h3><strong>Estrat\u00e8gies clau per a un model sostenible<\/strong><\/h3>\n<p> Per aconseguir una desinstitucionalitzaci\u00f3 efectiva, \u00e9s fonamental implementar mesures com: <\/p>\n<ul>\n<li><strong>Augment dels serveis de suport domiciliari:<\/strong> enfortir la xarxa de cures a casa amb serveis d\u2019assist\u00e8ncia professional.<\/li>\n<li><strong>Projectes d\u2019habitatges comunitaris:<\/strong> fomentar entorns residencials petits i accessibles, amb serveis adaptats.<\/li>\n<li><strong>Inversi\u00f3 en innovaci\u00f3:<\/strong> implementar tecnologies com la teleassist\u00e8ncia per oferir cures m\u00e9s personalitzades.<\/li>\n<\/ul>\n<p>La desinstitucionalitzaci\u00f3 representa una oportunitat per <strong>transformar els sistemes de cura a Espanya<\/strong> i promoure la inclusi\u00f3 social de les persones dependents. Comunitats com Catalunya i Madrid han fet passos significatius en aquest cam\u00ed, per\u00f2 encara queda molt per fer per superar els reptes i garantir que totes les persones puguin exercir el seu dret a viure de manera aut\u00f2noma i digna.<\/p>\n","protected":false},"excerpt":{"rendered":"<p>La desinstitucionalitzaci\u00f3 de les cures \u00e9s un proc\u00e9s que busca traslladar l\u2019atenci\u00f3 de les persones dependents des de resid\u00e8ncies i grans institucions cap a entorns comunitaris i llars pr\u00f2pies. Aquest enfocament promou una vida m\u00e9s aut\u00f2noma i integrada, millorant la qualitat de vida de les persones en situaci\u00f3 de depend\u00e8ncia. A Espanya, comunitats com Catalunya [&hellip;]<\/p>\n","protected":false},"author":6,"featured_media":39319,"comment_status":"open","ping_status":"open","sticky":false,"template":"","format":"standard","meta":{"_acf_changed":false,"footnotes":""},"categories":[285,295],"tags":[308,309,270,310,300,286],"class_list":["post-39318","post","type-post","status-publish","format-standard","has-post-thumbnail","hentry","category-assistencia-a-persones","category-assistencia-domiciliaria","tag-actualitat","tag-assistencia","tag-ciutadans","tag-desinstitucionalitzacio","tag-espanya","tag-persones"],"acf":[],"_links":{"self":[{"href":"https:\/\/asisted.org\/ca\/wp-json\/wp\/v2\/posts\/39318","targetHints":{"allow":["GET"]}}],"collection":[{"href":"https:\/\/asisted.org\/ca\/wp-json\/wp\/v2\/posts"}],"about":[{"href":"https:\/\/asisted.org\/ca\/wp-json\/wp\/v2\/types\/post"}],"author":[{"embeddable":true,"href":"https:\/\/asisted.org\/ca\/wp-json\/wp\/v2\/users\/6"}],"replies":[{"embeddable":true,"href":"https:\/\/asisted.org\/ca\/wp-json\/wp\/v2\/comments?post=39318"}],"version-history":[{"count":0,"href":"https:\/\/asisted.org\/ca\/wp-json\/wp\/v2\/posts\/39318\/revisions"}],"wp:featuredmedia":[{"embeddable":true,"href":"https:\/\/asisted.org\/ca\/wp-json\/wp\/v2\/media\/39319"}],"wp:attachment":[{"href":"https:\/\/asisted.org\/ca\/wp-json\/wp\/v2\/media?parent=39318"}],"wp:term":[{"taxonomy":"category","embeddable":true,"href":"https:\/\/asisted.org\/ca\/wp-json\/wp\/v2\/categories?post=39318"},{"taxonomy":"post_tag","embeddable":true,"href":"https:\/\/asisted.org\/ca\/wp-json\/wp\/v2\/tags?post=39318"}],"curies":[{"name":"wp","href":"https:\/\/api.w.org\/{rel}","templated":true}]}}