{"id":39316,"date":"2025-01-14T10:06:40","date_gmt":"2025-01-14T09:06:40","guid":{"rendered":"https:\/\/asisted.org\/blog\/levolucio-de-les-cures-cap-a-un-model-accessible\/"},"modified":"2026-02-17T13:04:42","modified_gmt":"2026-02-17T12:04:42","slug":"levolucio-de-les-cures-cap-a-un-model-accessible","status":"publish","type":"post","link":"https:\/\/asisted.org\/ca\/blog\/levolucio-de-les-cures-cap-a-un-model-accessible\/","title":{"rendered":"L\u2019evoluci\u00f3 de les cures: cap a un model accessible"},"content":{"rendered":"<p>En l\u2019\u00faltima d\u00e8cada, les cures a les persones grans han experimentat canvis significatius a Espanya. Malgrat els aven\u00e7os en mat\u00e8ria de serveis domiciliaris i noves tecnologies, les cures continuen sent assumides majorit\u00e0riament per dones, fet que evidencia la necessitat d\u2019un model m\u00e9s just i sostenible.<\/p>\n<p><!--more--><\/p>\n<p>Aquest article aprofundeix en les dades aportades per <a href=\"https:\/\/tienda.fundacionpilares.org\/es\/inicio\/98-estudio-n8-evolucion-de-los-cuidados-familiares-a-las-personas-mayores-en-espana-.html\" target=\"_blank\" rel=\"noopener\">l\u2019<strong>Estudi sobre l\u2019evoluci\u00f3 de les cures familiars de la Fundaci\u00f3 Pilares<\/strong><\/a>, abordant els canvis recents, els reptes actuals i les oportunitats de millora.<\/p>\n<h2><strong>Un model de cures encara molt familiar i feminitzat<\/strong><\/h2>\n<p>Les dades indiquen que, tot i que els homes i les persones joves comencen a participar m\u00e9s en les tasques de cura, s\u00f3n les <strong>dones les que continuen assumint principalment la cura de les persones grans<\/strong> i en situaci\u00f3 de depend\u00e8ncia, especialment en activitats essencials com la higiene personal i l\u2019acompanyament emocional. Segons l\u2019estudi, gaireb\u00e9 el <strong>70% de les cuidadores familiars s\u00f3n dones<\/strong>, una xifra que posa de manifest la persist\u00e8ncia de la desigualtat en la distribuci\u00f3 d\u2019aquestes responsabilitats.<\/p>\n<p>Aquest escenari planteja la necessitat de <strong>pol\u00edtiques p\u00fabliques que no nom\u00e9s enforteixin els serveis de suport professional<\/strong>, sin\u00f3 que tamb\u00e9 <strong>promoguin la corresponsabilitat<\/strong> dins de les llars per evitar la sobrec\u00e0rrega de les dones.<\/p>\n<p><img decoding=\"async\" class=\"aligncenter wp-image-33052 size-full\" src=\"https:\/\/asisted.org\/wp-content\/uploads\/Imatge1.png\" alt=\"\" width=\"346\" height=\"118\" srcset=\"https:\/\/asisted.org\/wp-content\/uploads\/Imatge1.png 346w, https:\/\/asisted.org\/wp-content\/uploads\/Imatge1-300x102.png 300w\" sizes=\"(max-width: 346px) 100vw, 346px\" \/><\/p>\n<h2><strong>L\u2019atenci\u00f3 domicili\u00e0ria: una prioritat per a les fam\u00edlies<\/strong><\/h2>\n<p>La <strong>cura a casa continua sent l\u2019opci\u00f3 preferida<\/strong> per la majoria de fam\u00edlies. Segons l\u2019informe, m\u00e9s del 80% de les persones grans manifesten el seu desig de romandre a la seva llar el m\u00e0xim temps possible. Tanmateix, aquest desig comporta un <strong>gran esfor\u00e7 per part de les fam\u00edlies<\/strong>, que sovint assumeixen la cura sense la formaci\u00f3 adequada ni els recursos suficients.<\/p>\n<p>Les dades reflecteixen que un <strong>60% de les fam\u00edlies cuidadores declaren no haver rebut prou suport professional<\/strong> per gestionar tasques b\u00e0siques com la mobilitzaci\u00f3 o la higiene dels seus \u00e9ssers estimats. Aix\u00f2 no nom\u00e9s afecta la qualitat de la cura, sin\u00f3 tamb\u00e9 la salut f\u00edsica i emocional de les persones que cuiden.<\/p>\n<p style=\"text-align: center;\"><img fetchpriority=\"high\" decoding=\"async\" class=\"alignnone size-full wp-image-33053\" src=\"https:\/\/asisted.org\/wp-content\/uploads\/Imatge2.png\" alt=\"\" width=\"347\" height=\"267\" srcset=\"https:\/\/asisted.org\/wp-content\/uploads\/Imatge2.png 347w, https:\/\/asisted.org\/wp-content\/uploads\/Imatge2-300x231.png 300w\" sizes=\"(max-width: 347px) 100vw, 347px\" \/><\/p>\n<h2><strong>La import\u00e0ncia dels serveis de suport i la professionalitzaci\u00f3<\/strong><\/h2>\n<p>L\u2019informe destaca la necessitat de <strong>refor\u00e7ar l\u2019atenci\u00f3 domicili\u00e0ria mitjan\u00e7ant serveis professionals<\/strong> que puguin complementar la tasca de les persones cuidadores familiars. La professionalitzaci\u00f3 i l\u2019acc\u00e9s a recursos tecnol\u00f2gics, com els dispositius de teleassist\u00e8ncia o els programes de rehabilitaci\u00f3 virtual, contribueixen a <strong>millorar l\u2019autonomia de les persones grans<\/strong> i a alleugerir la c\u00e0rrega de les persones cuidadores.<\/p>\n<p>A m\u00e9s, les xifres evidencien que l\u2019acc\u00e9s a serveis professionals <strong>redueix significativament els riscos de claudicaci\u00f3 familiar<\/strong>, \u00e9s a dir, situacions en qu\u00e8 les fam\u00edlies es veuen obligades a abandonar les cures per esgotament o manca de recursos.<\/p>\n<h3><strong>La corresponsabilitat: un canvi cultural necessari<\/strong><\/h3>\n<p>Un dels aspectes m\u00e9s rellevants de l\u2019estudi \u00e9s la <strong>necessitat de fomentar la corresponsabilitat en les cures<\/strong>, promovent un repartiment m\u00e9s equitatiu de les tasques dins de les llars. La <strong>sobrec\u00e0rrega emocional i l\u2019estr\u00e8s s\u00f3n factors habituals en el 45% de les cuidadores<\/strong>, fet que posa de manifest la urg\u00e8ncia de pol\u00edtiques que facilitin la conciliaci\u00f3 laboral i personal, aix\u00ed com la incorporaci\u00f3 de serveis de respir per a les persones cuidadores.<\/p>\n<h2><strong>Innovaci\u00f3 i reptes de futur<\/strong><\/h2>\n<p>La <strong>digitalitzaci\u00f3 tamb\u00e9 ha comen\u00e7at a tenir un paper clau en les cures<\/strong>, amb eines que permeten monitorar a dist\u00e0ncia les persones grans i oferir un seguiment personalitzat. Tanmateix, l\u2019estudi adverteix que la <strong>bretxa digital continua sent un repte<\/strong>, ja que moltes fam\u00edlies i persones grans no tenen acc\u00e9s a aquestes tecnologies.<\/p>\n<p>\u00c9s fonamental <strong>garantir l\u2019accessibilitat i la formaci\u00f3 en l\u2019\u00fas d\u2019aquestes eines<\/strong>, assegurant que ning\u00fa quedi excl\u00f2s de l\u2019acc\u00e9s a cures de qualitat per manca de recursos tecnol\u00f2gics o de coneixements.<\/p>\n<p>L\u2019evoluci\u00f3 de les cures familiars a Espanya reflecteix un canvi progressiu cap a <strong>models m\u00e9s centrats en la persona<\/strong>, per\u00f2 encara queden grans reptes per superar. La corresponsabilitat, la professionalitzaci\u00f3 i la innovaci\u00f3 s\u00f3n pilars essencials per construir un model de cures m\u00e9s just i sostenible.<\/p>\n<p>A mesura que la poblaci\u00f3 envelleix, es fa imprescindible <strong>refor\u00e7ar les pol\u00edtiques p\u00fabliques i els serveis de suport<\/strong> per garantir que les fam\u00edlies puguin cuidar sense sacrificar el seu benestar i que les persones grans rebin les cures dignes que mereixen.<\/p>\n","protected":false},"excerpt":{"rendered":"<p>En l\u2019\u00faltima d\u00e8cada, les cures a les persones grans han experimentat canvis significatius a Espanya. Malgrat els aven\u00e7os en mat\u00e8ria de serveis domiciliaris i noves tecnologies, les cures continuen sent assumides majorit\u00e0riament per dones, fet que evidencia la necessitat d\u2019un model m\u00e9s just i sostenible.<\/p>\n","protected":false},"author":6,"featured_media":39317,"comment_status":"open","ping_status":"open","sticky":false,"template":"","format":"standard","meta":{"_acf_changed":false,"footnotes":""},"categories":[305,295],"tags":[287,306,307],"class_list":["post-39316","post","type-post","status-publish","format-standard","has-post-thumbnail","hentry","category-accessibilitat","category-assistencia-domiciliaria","tag-dependencia","tag-equitat","tag-model-de-cures"],"acf":[],"_links":{"self":[{"href":"https:\/\/asisted.org\/ca\/wp-json\/wp\/v2\/posts\/39316","targetHints":{"allow":["GET"]}}],"collection":[{"href":"https:\/\/asisted.org\/ca\/wp-json\/wp\/v2\/posts"}],"about":[{"href":"https:\/\/asisted.org\/ca\/wp-json\/wp\/v2\/types\/post"}],"author":[{"embeddable":true,"href":"https:\/\/asisted.org\/ca\/wp-json\/wp\/v2\/users\/6"}],"replies":[{"embeddable":true,"href":"https:\/\/asisted.org\/ca\/wp-json\/wp\/v2\/comments?post=39316"}],"version-history":[{"count":1,"href":"https:\/\/asisted.org\/ca\/wp-json\/wp\/v2\/posts\/39316\/revisions"}],"predecessor-version":[{"id":39595,"href":"https:\/\/asisted.org\/ca\/wp-json\/wp\/v2\/posts\/39316\/revisions\/39595"}],"wp:featuredmedia":[{"embeddable":true,"href":"https:\/\/asisted.org\/ca\/wp-json\/wp\/v2\/media\/39317"}],"wp:attachment":[{"href":"https:\/\/asisted.org\/ca\/wp-json\/wp\/v2\/media?parent=39316"}],"wp:term":[{"taxonomy":"category","embeddable":true,"href":"https:\/\/asisted.org\/ca\/wp-json\/wp\/v2\/categories?post=39316"},{"taxonomy":"post_tag","embeddable":true,"href":"https:\/\/asisted.org\/ca\/wp-json\/wp\/v2\/tags?post=39316"}],"curies":[{"name":"wp","href":"https:\/\/api.w.org\/{rel}","templated":true}]}}