{"id":39314,"date":"2025-02-13T10:38:06","date_gmt":"2025-02-13T09:38:06","guid":{"rendered":"https:\/\/asisted.org\/blog\/avencos-i-reptes-en-latencio-a-la-dependencia\/"},"modified":"2026-02-17T13:04:36","modified_gmt":"2026-02-17T12:04:36","slug":"avencos-i-reptes-en-latencio-a-la-dependencia","status":"publish","type":"post","link":"https:\/\/asisted.org\/ca\/blog\/avencos-i-reptes-en-latencio-a-la-dependencia\/","title":{"rendered":"Aven\u00e7os i reptes en l\u2019atenci\u00f3 a la depend\u00e8ncia"},"content":{"rendered":"<p>La Llei de Depend\u00e8ncia a Espanya, implementada l\u2019any 2006, ha estat un pilar fonamental en la <strong>promoci\u00f3 del benestar social i l\u2019atenci\u00f3 a les persones<\/strong> en situaci\u00f3 de depend\u00e8ncia. Al llarg d\u2019aquests 18 anys, s\u2019han assolit aven\u00e7os significatius, per\u00f2 tamb\u00e9 persisteixen desafiaments que requereixen una reflexi\u00f3 col\u00b7lectiva.<\/p>\n<p><!--more--><\/p>\n<p>Des de la seva entrada en vigor, la llei ha perm\u00e8s que aproximadament <strong>3,7 milions de persones rebin assist\u00e8ncia<\/strong>. Tanmateix, \u00e9s preocupant que <strong>al voltant de 900.000 persones hagin mort mentre esperaven rebre les prestacions<\/strong> a les quals tenien dret. Actualment, el temps mitj\u00e0 de tramitaci\u00f3 d\u2019un expedient de depend\u00e8ncia \u00e9s de gaireb\u00e9 un any, amb variacions segons la comunitat aut\u00f2noma.<\/p>\n<p>Malgrat els esfor\u00e7os per reduir les llistes d\u2019espera i augmentar el nombre de persones ateses, en alguns casos aix\u00f2 s\u2019ha aconseguit a costa de <strong>reduir la quantia de les prestacions i optar per serveis de menor cost<\/strong>. Aquesta situaci\u00f3 ha generat cr\u00edtiques sobre l\u2019efic\u00e0cia del sistema per satisfer les necessitats reals de les persones dependents.<\/p>\n<h2><strong>La import\u00e0ncia d\u2019una societat de la cura<\/strong><\/h2>\n<p>La <strong>cura \u00e9s una tasca essencial que sost\u00e9 el benestar<\/strong> quotidi\u00e0 de les persones en diversos \u00e0mbits: material, econ\u00f2mic, moral i emocional. Inclou des de la provisi\u00f3 de b\u00e9ns essencials per a la vida, com l\u2019alimentaci\u00f3 i la salut, fins al suport emocional i la transmissi\u00f3 de coneixements i valors.<\/p>\n<p>\u00c9s fonamental recon\u00e8ixer que <strong>totes les persones, en algun moment de la nostra vida, necessitarem cures<\/strong>. Ja sigui durant la inf\u00e0ncia, al llarg d\u2019una malaltia o en la vellesa, la cura \u00e9s una constant en l\u2019experi\u00e8ncia humana. Per aix\u00f2, \u00e9s imprescindible que com a societat <strong>valorem i donem suport tant a les persones que reben cures<\/strong> <strong>com a les que les proporcionen<\/strong>.<\/p>\n<h2><strong>Cap a un futur amb cures dignes per a tothom<\/strong><\/h2>\n<p>La recent reforma de la Llei de Depend\u00e8ncia busca <strong>eliminar la incompatibilitat de prestacions i refor\u00e7ar l\u2019atenci\u00f3 a les llars<\/strong>, adaptant-se a les necessitats actuals i promovent un <strong>model m\u00e9s hum\u00e0 i centrat en les persones<\/strong>.<\/p>\n<p>Invertir en sistemes de cura s\u00f2lids i accessibles no nom\u00e9s millora la qualitat de vida de les persones dependents, sin\u00f3 que tamb\u00e9 <strong>enforteix el teixit social i promou l\u2019equitat<\/strong>. \u00c9s una responsabilitat compartida que requereix el comprom\u00eds dels governs, de les institucions i de la societat en el seu conjunt.<\/p>\n","protected":false},"excerpt":{"rendered":"<p>La Llei de Depend\u00e8ncia a Espanya, implementada l\u2019any 2006, ha estat un pilar fonamental en la promoci\u00f3 del benestar social i l\u2019atenci\u00f3 a les persones en situaci\u00f3 de depend\u00e8ncia. Al llarg d\u2019aquests 18 anys, s\u2019han assolit aven\u00e7os significatius, per\u00f2 tamb\u00e9 persisteixen desafiaments que requereixen una reflexi\u00f3 col\u00b7lectiva.<\/p>\n","protected":false},"author":6,"featured_media":39315,"comment_status":"open","ping_status":"open","sticky":false,"template":"","format":"standard","meta":{"_acf_changed":false,"footnotes":""},"categories":[285,295],"tags":[303,270,287,286,304],"class_list":["post-39314","post","type-post","status-publish","format-standard","has-post-thumbnail","hentry","category-assistencia-a-persones","category-assistencia-domiciliaria","tag-atencio","tag-ciutadans","tag-dependencia","tag-persones","tag-societat"],"acf":[],"_links":{"self":[{"href":"https:\/\/asisted.org\/ca\/wp-json\/wp\/v2\/posts\/39314","targetHints":{"allow":["GET"]}}],"collection":[{"href":"https:\/\/asisted.org\/ca\/wp-json\/wp\/v2\/posts"}],"about":[{"href":"https:\/\/asisted.org\/ca\/wp-json\/wp\/v2\/types\/post"}],"author":[{"embeddable":true,"href":"https:\/\/asisted.org\/ca\/wp-json\/wp\/v2\/users\/6"}],"replies":[{"embeddable":true,"href":"https:\/\/asisted.org\/ca\/wp-json\/wp\/v2\/comments?post=39314"}],"version-history":[{"count":1,"href":"https:\/\/asisted.org\/ca\/wp-json\/wp\/v2\/posts\/39314\/revisions"}],"predecessor-version":[{"id":39594,"href":"https:\/\/asisted.org\/ca\/wp-json\/wp\/v2\/posts\/39314\/revisions\/39594"}],"wp:featuredmedia":[{"embeddable":true,"href":"https:\/\/asisted.org\/ca\/wp-json\/wp\/v2\/media\/39315"}],"wp:attachment":[{"href":"https:\/\/asisted.org\/ca\/wp-json\/wp\/v2\/media?parent=39314"}],"wp:term":[{"taxonomy":"category","embeddable":true,"href":"https:\/\/asisted.org\/ca\/wp-json\/wp\/v2\/categories?post=39314"},{"taxonomy":"post_tag","embeddable":true,"href":"https:\/\/asisted.org\/ca\/wp-json\/wp\/v2\/tags?post=39314"}],"curies":[{"name":"wp","href":"https:\/\/api.w.org\/{rel}","templated":true}]}}