{"id":39310,"date":"2025-02-25T08:38:43","date_gmt":"2025-02-25T07:38:43","guid":{"rendered":"https:\/\/asisted.org\/blog\/els-reptes-del-saad-a-espanya\/"},"modified":"2025-02-25T08:38:43","modified_gmt":"2025-02-25T07:38:43","slug":"els-reptes-del-saad-a-espanya","status":"publish","type":"post","link":"https:\/\/asisted.org\/ca\/blog\/els-reptes-del-saad-a-espanya\/","title":{"rendered":"Els reptes del SAAD a Espanya"},"content":{"rendered":"<p>L\u2019envelliment de la poblaci\u00f3 a Espanya \u00e9s una realitat que planteja reptes significatius en l\u2019<strong>atenci\u00f3 a les <a href=\"https:\/\/www.asisted.com\/cuidados-personas-dependientes\/\" target=\"_blank\" rel=\"noopener\">persones en situaci\u00f3 de depend\u00e8ncia<\/a><\/strong>. Segons l\u2019<a href=\"https:\/\/www.acra.cat\/estudio-socioecon%C3%B3mico-de-la-atenci%C3%B3n-para-personas-en-situaci%C3%B3n-de-dependencia-en-espa%C3%B1a-informe-final_1123083.pdf\" target=\"_blank\" rel=\"noopener\">\u00abEstudi socioecon\u00f2mic de l\u2019atenci\u00f3 a les persones en situaci\u00f3 de depend\u00e8ncia a Espanya\u00bb<\/a>, publicat per ACRA el 2024, es preveu que entre 2023 i 2036 la <strong>poblaci\u00f3 major de 65 anys augmenti aproximadament en 268.106 persones anuals<\/strong>, duplicant el ritme de creixement observat en l\u2019\u00faltima d\u00e8cada.<\/p>\n<p><!--more--> <\/p>\n<h2><strong>Increment de la demanda i temps d\u2019espera prolongats<\/strong><\/h2>\n<p> Aquest creixement demogr\u00e0fic ha comportat una <strong>major demanda de serveis del Sistema per a l\u2019Autonomia i l\u2019Atenci\u00f3 a la Depend\u00e8ncia (SAAD)<\/strong>. El 2023 es van registrar m\u00e9s de 2 milions de sol\u00b7licituds al SAAD, de les quals 1,57 milions van ser reconegudes amb dret a prestaci\u00f3. Tanmateix, <strong>155.241 persones continuen en llista d\u2019espera<\/strong>, cosa que representa el 9,9 % dels sol\u00b7licitants. Tot i una tend\u00e8ncia a la reducci\u00f3 de les llistes d\u2019espera des de 2018, el temps mitj\u00e0 de resoluci\u00f3 de les sol\u00b7licituds continua sent elevat, situant-se en 324 dies el 2023. <\/p>\n<h2><strong>Oferta insuficient i desigualtats territorials<\/strong><\/h2>\n<p> La <strong>capacitat actual d\u2019atenci\u00f3 no \u00e9s suficient<\/strong> per satisfer la demanda creixent. El 2023, Espanya disposava de 393.581 places residencials i 105.447 places di\u00fcrnes, de les quals el 73 % s\u00f3n de titularitat privada. Aquesta oferta resulta insuficient i, a m\u00e9s, existeixen <strong>desigualtats significatives entre les diferents comunitats aut\u00f2nomes<\/strong> pel que fa a la disponibilitat i l\u2019acc\u00e9s a aquests serveis. <\/p>\n<h3><strong>Necessitat urgent d\u2019inversi\u00f3 i de recursos humans per a l\u2019atenci\u00f3 a la depend\u00e8ncia<\/strong><\/h3>\n<p> Per afrontar aquests reptes, \u00e9s imprescindible <strong>incrementar la inversi\u00f3 en el sector de la depend\u00e8ncia<\/strong>. S\u2019estima que caldr\u00e0 crear entre 11.000 i 22.000 noves places anuals durant els propers deu anys, cosa que requerir\u00e0 una <strong>inversi\u00f3 anual aproximada de 732 milions d\u2019euros<\/strong>. A m\u00e9s, es preveu que el sistema d\u2019atenci\u00f3 a la depend\u00e8ncia haur\u00e0 d\u2019incorporar <strong>m\u00e9s de 100.000 nous professionals<\/strong> en la pr\u00f2xima d\u00e8cada per satisfer la demanda i garantir una atenci\u00f3 de qualitat. <\/p>\n<h3><strong>Un comprom\u00eds col\u00b7lectiu amb la cura digna<\/strong><\/h3>\n<p> L\u2019atenci\u00f3 a les persones en situaci\u00f3 de depend\u00e8ncia \u00e9s una responsabilitat compartida que reflecteix els valors de solidaritat i respecte de la nostra societat. Invertir en recursos adequats i <strong>garantir una atenci\u00f3 digna i de qualitat<\/strong> no nom\u00e9s millora la vida de les persones que ho necessiten, sin\u00f3 que tamb\u00e9 enforteix el teixit social i promou l\u2019equitat. \u00c9s essencial que, com a societat, reconeguem la import\u00e0ncia de les cures i ens comprometem a proporcionar el suport necessari a totes les persones en situaci\u00f3 de depend\u00e8ncia.<\/p>\n","protected":false},"excerpt":{"rendered":"<p>L\u2019envelliment de la poblaci\u00f3 a Espanya \u00e9s una realitat que planteja reptes significatius en l\u2019atenci\u00f3 a les persones en situaci\u00f3 de depend\u00e8ncia. Segons l\u2019\u00abEstudi socioecon\u00f2mic de l\u2019atenci\u00f3 a les persones en situaci\u00f3 de depend\u00e8ncia a Espanya\u00bb, publicat per ACRA el 2024, es preveu que entre 2023 i 2036 la poblaci\u00f3 major de 65 anys augmenti [&hellip;]<\/p>\n","protected":false},"author":6,"featured_media":39313,"comment_status":"open","ping_status":"open","sticky":false,"template":"","format":"standard","meta":{"_acf_changed":false,"footnotes":""},"categories":[285],"tags":[270,300,301,302],"class_list":["post-39310","post","type-post","status-publish","format-standard","has-post-thumbnail","hentry","category-assistencia-a-persones","tag-ciutadans","tag-espanya","tag-reptes","tag-saad"],"acf":[],"_links":{"self":[{"href":"https:\/\/asisted.org\/ca\/wp-json\/wp\/v2\/posts\/39310","targetHints":{"allow":["GET"]}}],"collection":[{"href":"https:\/\/asisted.org\/ca\/wp-json\/wp\/v2\/posts"}],"about":[{"href":"https:\/\/asisted.org\/ca\/wp-json\/wp\/v2\/types\/post"}],"author":[{"embeddable":true,"href":"https:\/\/asisted.org\/ca\/wp-json\/wp\/v2\/users\/6"}],"replies":[{"embeddable":true,"href":"https:\/\/asisted.org\/ca\/wp-json\/wp\/v2\/comments?post=39310"}],"version-history":[{"count":0,"href":"https:\/\/asisted.org\/ca\/wp-json\/wp\/v2\/posts\/39310\/revisions"}],"wp:featuredmedia":[{"embeddable":true,"href":"https:\/\/asisted.org\/ca\/wp-json\/wp\/v2\/media\/39313"}],"wp:attachment":[{"href":"https:\/\/asisted.org\/ca\/wp-json\/wp\/v2\/media?parent=39310"}],"wp:term":[{"taxonomy":"category","embeddable":true,"href":"https:\/\/asisted.org\/ca\/wp-json\/wp\/v2\/categories?post=39310"},{"taxonomy":"post_tag","embeddable":true,"href":"https:\/\/asisted.org\/ca\/wp-json\/wp\/v2\/tags?post=39310"}],"curies":[{"name":"wp","href":"https:\/\/api.w.org\/{rel}","templated":true}]}}