{"id":39308,"date":"2025-03-18T11:45:06","date_gmt":"2025-03-18T10:45:06","guid":{"rendered":"https:\/\/asisted.org\/blog\/el-valor-del-treball-social-en-latencio-domiciliaria-una-mirada-des-de-lequitat-de-genere\/"},"modified":"2026-02-17T13:04:29","modified_gmt":"2026-02-17T12:04:29","slug":"el-valor-del-treball-social-en-latencio-domiciliaria-una-mirada-des-de-lequitat-de-genere","status":"publish","type":"post","link":"https:\/\/asisted.org\/ca\/blog\/el-valor-del-treball-social-en-latencio-domiciliaria-una-mirada-des-de-lequitat-de-genere\/","title":{"rendered":"El valor del treball social en l\u2019atenci\u00f3 domicili\u00e0ria: una mirada des de l\u2019equitat de g\u00e8nere"},"content":{"rendered":"<p>El treball social en l\u2019atenci\u00f3 domicili\u00e0ria \u00e9s un <strong>pilar fonamental per garantir la qualitat<\/strong> de vida de moltes persones en situaci\u00f3 de depend\u00e8ncia. M\u00e9s enll\u00e0 del suport assistencial, <strong>implica un acompanyament hum\u00e0 que promou la dignitat i l\u2019autonomia<\/strong> de les persones que ho necessiten.<\/p>\n<p>Amb motiu del <strong>Dia Mundial del Treball Social<\/strong>, volem donar veu a qui exerceix aquesta tasca amb comprom\u00eds i sensibilitat. En aquesta entrevista, les treballadores socials d\u2019ASISTED comparteixen la seva experi\u00e8ncia sota el model d\u2019<strong>Atenci\u00f3 Centrada en la Persona (ACP)<\/strong>, abordant els reptes del sector i la import\u00e0ncia de l\u2019equitat de g\u00e8nere en l\u2019\u00e0mbit de la cura. Un \u00e0mbit en qu\u00e8, hist\u00f2ricament, la majoria de professionals s\u00f3n dones i en qu\u00e8 la valoraci\u00f3 i el reconeixement continuen sent grans desafiaments.<\/p>\n<p><!--more--><\/p>\n<ol>\n<li>\n<h3><strong>Com vas arribar a treballar en l\u2019atenci\u00f3 domicili\u00e0ria? Qu\u00e8 et va motivar a dedicar-te a aquesta feina?<\/strong><\/h3>\n<\/li>\n<\/ol>\n<p><em>Des de sempre m\u2019ha mogut l\u2019empatia i el desig d\u2019ajudar. Vaig estudiar Treball Social perqu\u00e8 volia marcar una difer\u00e8ncia real en la vida de les persones, i l\u2019atenci\u00f3 domicili\u00e0ria m\u2019ho va permetre des de la proximitat. Poder assistir les persones al seu propi entorn, respectant la seva hist\u00f2ria i les seves decisions, em resulta molt enriquidor, tant a nivell personal com professional.<\/em><\/p>\n<ol start=\"2\">\n<li>\n<h3><strong>Quins s\u00f3n els principals reptes que afrontes en la teva tasca di\u00e0ria com a dona treballadora social en una entitat com ASISTED?<\/strong><\/h3>\n<\/li>\n<\/ol>\n<p><em>El repte m\u00e9s gran \u00e9s garantir que cada persona rebi l\u2019atenci\u00f3 que realment necessita, respectant els seus desitjos i particularitats. De vegades, els recursos s\u00f3n limitats i aix\u00f2 ens obliga a buscar solucions creatives. Tamb\u00e9 existeix el repte de visibilitzar i revalorar el treball de cura, que continua estant feminitzat i sovint infravalorat.<\/em><\/p>\n<ol start=\"3\">\n<li>\n<h3><strong>Quins aspectes consideres clau per assegurar que les dones rebin una atenci\u00f3 adequada a les seves llars?<\/strong><\/h3>\n<\/li>\n<\/ol>\n<p><em>Escoltar i respectar la seva veu. Moltes dones grans o en situaci\u00f3 de depend\u00e8ncia han passat tota la vida cuidant altres persones i, quan necessiten suport, els costa acceptar-lo (i fins i tot demanar-lo). \u00c9s fonamental fer-les sentir protagonistes de la seva pr\u00f2pia vida, adaptant l\u2019atenci\u00f3 a les seves prefer\u00e8ncies i necessitats reals, no al que creiem que \u00e9s millor per a elles.<\/em><\/p>\n<ol start=\"4\">\n<li>\n<h3><strong>Has notat difer\u00e8ncies en l\u2019atenci\u00f3 que requereixen les dones en comparaci\u00f3 amb els homes?<\/strong><\/h3>\n<\/li>\n<\/ol>\n<p><em>S\u00ed, i en gran part es deu als rols de g\u00e8nere que han marcat les seves vides. Moltes dones, sobretot grans, han assumit tradicionalment el paper de cuidadores i els costa prioritzar-se. A m\u00e9s, sovint s\u2019enfronten a majors riscos de soledat o fins i tot de viol\u00e8ncia. La nostra tasca consisteix a acompanyar-les des del respecte, ajudant-les a recuperar la seva autonomia i confian\u00e7a.<\/em><\/p>\n<ol start=\"5\">\n<li>\n<h3><strong>De quina manera l\u2019equitat de g\u00e8nere influeix en la teva feina di\u00e0ria?<\/strong><\/h3>\n<\/li>\n<\/ol>\n<p><em>Influeix en tot. L\u2019equitat ens ajuda a entendre que cada persona t\u00e9 necessitats i circumst\u00e0ncies diferents. No podem aplicar el mateix enfocament a tots els casos. En la meva feina, intento garantir que tant homes com dones tinguin acc\u00e9s a un tracte just, sense prejudicis ni estereotips.<\/em><\/p>\n<ol start=\"6\">\n<li>\n<h3><strong>Quin paper t\u00e9 el treball social en la promoci\u00f3 de la igualtat de g\u00e8nere?<\/strong><\/h3>\n<\/li>\n<\/ol>\n<p><em>El treball social \u00e9s clau per detectar desigualtats i generar canvis reals. Des de l\u2019atenci\u00f3 domicili\u00e0ria, podem donar veu a les dones en situaci\u00f3 de depend\u00e8ncia o discapacitat, assegurant que els seus drets siguin respectats i que rebin un suport digne i just.<\/em><\/p>\n<ol start=\"7\">\n<li>\n<h3><strong>Com contribueixes a la visibilitzaci\u00f3 i l\u2019empoderament de les dones en situaci\u00f3 de depend\u00e8ncia?<\/strong><\/h3>\n<\/li>\n<\/ol>\n<p><em>Escoltant-les. Moltes vegades, ning\u00fa no els pregunta com se senten o qu\u00e8 desitgen. La meva tasca no \u00e9s nom\u00e9s assistir-les, sin\u00f3 tamb\u00e9 fer-les sentir que la seva opini\u00f3 importa i que tenen dret a decidir sobre la seva vida. Des de petits canvis en la seva rutina fins a decisions m\u00e9s importants, tot suma per retornar-los el protagonisme.<\/em><\/p>\n<ol start=\"8\">\n<li>\n<h3><strong>Quin impacte t\u00e9 l\u2019atenci\u00f3 domicili\u00e0ria en l\u2019autonomia i el benestar de les dones grans o amb discapacitat?<\/strong><\/h3>\n<\/li>\n<\/ol>\n<p><em>Un impacte enorme. Permet que continu\u00efn a casa seva, envoltades de la seva hist\u00f2ria i dels seus records, mantenint el seu entorn i els vincles socials i amb la comunitat; fet que els aporta seguretat i benestar. A m\u00e9s, adaptant l\u2019atenci\u00f3 a les seves necessitats, aconseguim que mantinguin la seva autonomia el m\u00e0xim temps possible i, per tant, el seu benestar (f\u00edsic, mental i\/o emocional) i la seva qualitat de vida.<\/em><\/p>\n<ol start=\"9\">\n<li>\n<h3><strong>Com commemores el Dia Internacional de la Dona en la teva feina?<\/strong\n<\/p>\n","protected":false},"excerpt":{"rendered":"<p>El treball social en l\u2019atenci\u00f3 domicili\u00e0ria \u00e9s un pilar fonamental per garantir la qualitat de vida de moltes persones en situaci\u00f3 de depend\u00e8ncia. M\u00e9s enll\u00e0 del suport assistencial, implica un acompanyament hum\u00e0 que promou la dignitat i l\u2019autonomia de les persones que ho necessiten. Amb motiu del Dia Mundial del Treball Social, volem donar veu [&hellip;]<\/p>\n","protected":false},"author":6,"featured_media":39309,"comment_status":"closed","ping_status":"closed","sticky":false,"template":"","format":"standard","meta":{"_acf_changed":false,"footnotes":""},"categories":[279],"tags":[282,297,283,299,298],"class_list":["post-39308","post","type-post","status-publish","format-standard","has-post-thumbnail","hentry","category-asisted","tag-asisted","tag-entrevista","tag-equip","tag-treball-social","tag-treballadora-social"],"acf":[],"_links":{"self":[{"href":"https:\/\/asisted.org\/ca\/wp-json\/wp\/v2\/posts\/39308","targetHints":{"allow":["GET"]}}],"collection":[{"href":"https:\/\/asisted.org\/ca\/wp-json\/wp\/v2\/posts"}],"about":[{"href":"https:\/\/asisted.org\/ca\/wp-json\/wp\/v2\/types\/post"}],"author":[{"embeddable":true,"href":"https:\/\/asisted.org\/ca\/wp-json\/wp\/v2\/users\/6"}],"replies":[{"embeddable":true,"href":"https:\/\/asisted.org\/ca\/wp-json\/wp\/v2\/comments?post=39308"}],"version-history":[{"count":1,"href":"https:\/\/asisted.org\/ca\/wp-json\/wp\/v2\/posts\/39308\/revisions"}],"predecessor-version":[{"id":39593,"href":"https:\/\/asisted.org\/ca\/wp-json\/wp\/v2\/posts\/39308\/revisions\/39593"}],"wp:featuredmedia":[{"embeddable":true,"href":"https:\/\/asisted.org\/ca\/wp-json\/wp\/v2\/media\/39309"}],"wp:attachment":[{"href":"https:\/\/asisted.org\/ca\/wp-json\/wp\/v2\/media?parent=39308"}],"wp:term":[{"taxonomy":"category","embeddable":true,"href":"https:\/\/asisted.org\/ca\/wp-json\/wp\/v2\/categories?post=39308"},{"taxonomy":"post_tag","embeddable":true,"href":"https:\/\/asisted.org\/ca\/wp-json\/wp\/v2\/tags?post=39308"}],"curies":[{"name":"wp","href":"https:\/\/api.w.org\/{rel}","templated":true}]}}