{"id":39306,"date":"2025-03-31T08:04:37","date_gmt":"2025-03-31T07:04:37","guid":{"rendered":"https:\/\/asisted.org\/blog\/cap-a-un-sistema-de-cures-que-escolta-cuida-i-reconeix\/"},"modified":"2026-02-17T13:04:23","modified_gmt":"2026-02-17T12:04:23","slug":"cap-a-un-sistema-de-cures-que-escolta-cuida-i-reconeix","status":"publish","type":"post","link":"https:\/\/asisted.org\/ca\/blog\/cap-a-un-sistema-de-cures-que-escolta-cuida-i-reconeix\/","title":{"rendered":"Cap a un sistema de cures que escolta, cuida i reconeix"},"content":{"rendered":"<p>Fa unes setmanes reflexion\u00e0vem sobre els <a href=\"https:\/\/www.asisted.com\/blog\/avances-desafios-atencion-dependencia\/\" target=\"_blank\" rel=\"noopener\">aven\u00e7os i reptes del sistema d\u2019atenci\u00f3 a la depend\u00e8ncia<\/a> a Espanya. Parl\u00e0vem dels temps d\u2019espera, de les desigualtats entre territoris i del poc reconeixement envers les persones que cuiden. Ara, el <strong><a href=\"https:\/\/www.lavanguardia.com\/vida\/20250211\/10371984\/reforma-ley-dependencia-amplia-derechos-financiacion.html\" target=\"_blank\" rel=\"noopener\">recent avantprojecte de reforma de la Llei de Depend\u00e8ncia<\/a><\/strong>, aprovat pel Consell de Ministres el passat 11 de febrer, obre una etapa que mereix ser observada amb atenci\u00f3 i esperit cr\u00edtic.<\/p>\n<p><!--more--><\/p>\n<h2><strong>Qu\u00e8 proposa aquesta reforma?<\/strong><\/h2>\n<p>El nou text legislatiu planteja canvis importants que afecten tant les persones en situaci\u00f3 de depend\u00e8ncia com aquelles que les acompanyen en el seu dia a dia. L\u2019objectiu central \u00e9s avan\u00e7ar cap a un model de cures <strong>m\u00e9s just, accessible, equitatiu i sostenible<\/strong>. Aquests s\u00f3n alguns dels punts clau:<\/p>\n<ul>\n<li><strong>Reducci\u00f3 dels temps d\u2019espera<\/strong>: s\u2019estableix un termini m\u00e0xim de sis mesos entre la sol\u00b7licitud i la resoluci\u00f3 del grau de depend\u00e8ncia, una mesura urgent davant dels retards que han llastat el sistema durant anys.<\/li>\n<li><strong>Igualtat territorial<\/strong>: es refor\u00e7a el finan\u00e7ament estatal per garantir que els drets no depenguin del lloc de resid\u00e8ncia. La idea \u00e9s assegurar que una persona a Gal\u00edcia, Andalusia o Catalunya tingui acc\u00e9s als mateixos suports.<\/li>\n<li><strong>Reconeixement de les persones cuidadores<\/strong>: es preveu la millora de la cotitzaci\u00f3 a la Seguretat Social per a les persones que cuiden en l\u2019\u00e0mbit familiar, aix\u00ed com mesures de respir, formaci\u00f3 i acompanyament emocional. Perqu\u00e8 cuidar no pot significar deixar de viure.<\/li>\n<li><strong>Impuls dels serveis professionals d\u2019atenci\u00f3<\/strong>: es aposta per refor\u00e7ar la xarxa de serveis d\u2019atenci\u00f3 domicili\u00e0ria, centres de dia i atenci\u00f3 comunit\u00e0ria, facilitant que les persones puguin romandre a casa seva el m\u00e0xim temps possible.<\/li>\n<\/ul>\n<h2><strong>Un canvi que reconeix all\u00f2 invisible<\/strong><\/h2>\n<p>M\u00e9s enll\u00e0 dels detalls t\u00e8cnics, aquesta reforma parla d\u2019alguna cosa m\u00e9s profunda: <strong>el reconeixement social de les cures com un pilar de la nostra vida col\u00b7lectiva<\/strong>. Durant massa temps, cuidar ha estat una responsabilitat assumida en silenci, sovint sense suport ni drets, sostinguda majorit\u00e0riament per dones i per fam\u00edlies que han fet del quotidi\u00e0 un acte d\u2019amor, esfor\u00e7 i resist\u00e8ncia.<\/p>\n<p>Aquest avantprojecte \u00e9s tamb\u00e9 un missatge simb\u00f2lic: <strong>la depend\u00e8ncia no \u00e9s una excepci\u00f3, \u00e9s part de la vida<\/strong>, i cuidar-nos \u2014com a societat\u2014 hauria de ser una prioritat pol\u00edtica i \u00e8tica.<\/p>\n<h3><strong>Una reforma\u2026 suficient?<\/strong><\/h3>\n<p>L\u2019avantprojecte suposa un aven\u00e7. Per\u00f2 encara queda cam\u00ed per rec\u00f3rrer. Ser\u00e0 clau vetllar pel seu tr\u00e0mit parlamentari, garantir que les comunitats aut\u00f2nomes disposin dels recursos necessaris i, sobretot, que <strong>les millores promeses arribin al dia a dia real de les persones<\/strong>.<\/p>\n<p>Tamb\u00e9 ser\u00e0 important continuar escoltant les persones que cuiden, les que acompanyen, les que han esperat massa temps. Perqu\u00e8 <strong>les cures no es resolen nom\u00e9s des dels despatxos<\/strong>: es construeixen en la proximitat, en el vincle, en all\u00f2 hum\u00e0.<\/p>\n<h3><strong>Cuidar millor, cuidar-nos millor<\/strong><\/h3>\n<p>Cuidar \u00e9s una responsabilitat col\u00b7lectiva. I per a moltes persones, \u00e9s tamb\u00e9 una forma de vida. Aquesta reforma obre la porta a imaginar un futur on cuidar no sigui una c\u00e0rrega, sin\u00f3 un dret compartit; on ning\u00fa quedi al marge per necessitar ajuda; on les persones cuidadores puguin viure amb dignitat i reconeixement.<\/p>\n<p>El sistema de depend\u00e8ncia no nom\u00e9s necessita lleis. Necessita escolta, comprom\u00eds i una mirada llarga que entengui que <strong>cuidar els altres \u00e9s tamb\u00e9 cuidar-nos a nosaltres mateixos<\/strong>.<\/p>\n","protected":false},"excerpt":{"rendered":"<p>Fa unes setmanes reflexion\u00e0vem sobre els aven\u00e7os i reptes del sistema d\u2019atenci\u00f3 a la depend\u00e8ncia a Espanya. Parl\u00e0vem dels temps d\u2019espera, de les desigualtats entre territoris i del poc reconeixement envers les persones que cuiden. Ara, el recent avantprojecte de reforma de la Llei de Depend\u00e8ncia, aprovat pel Consell de Ministres el passat 11 de [&hellip;]<\/p>\n","protected":false},"author":6,"featured_media":39307,"comment_status":"open","ping_status":"open","sticky":false,"template":"","format":"standard","meta":{"_acf_changed":false,"footnotes":""},"categories":[295],"tags":[270,296],"class_list":["post-39306","post","type-post","status-publish","format-standard","has-post-thumbnail","hentry","category-assistencia-domiciliaria","tag-ciutadans","tag-llei-de-dependencia"],"acf":[],"_links":{"self":[{"href":"https:\/\/asisted.org\/ca\/wp-json\/wp\/v2\/posts\/39306","targetHints":{"allow":["GET"]}}],"collection":[{"href":"https:\/\/asisted.org\/ca\/wp-json\/wp\/v2\/posts"}],"about":[{"href":"https:\/\/asisted.org\/ca\/wp-json\/wp\/v2\/types\/post"}],"author":[{"embeddable":true,"href":"https:\/\/asisted.org\/ca\/wp-json\/wp\/v2\/users\/6"}],"replies":[{"embeddable":true,"href":"https:\/\/asisted.org\/ca\/wp-json\/wp\/v2\/comments?post=39306"}],"version-history":[{"count":1,"href":"https:\/\/asisted.org\/ca\/wp-json\/wp\/v2\/posts\/39306\/revisions"}],"predecessor-version":[{"id":39592,"href":"https:\/\/asisted.org\/ca\/wp-json\/wp\/v2\/posts\/39306\/revisions\/39592"}],"wp:featuredmedia":[{"embeddable":true,"href":"https:\/\/asisted.org\/ca\/wp-json\/wp\/v2\/media\/39307"}],"wp:attachment":[{"href":"https:\/\/asisted.org\/ca\/wp-json\/wp\/v2\/media?parent=39306"}],"wp:term":[{"taxonomy":"category","embeddable":true,"href":"https:\/\/asisted.org\/ca\/wp-json\/wp\/v2\/categories?post=39306"},{"taxonomy":"post_tag","embeddable":true,"href":"https:\/\/asisted.org\/ca\/wp-json\/wp\/v2\/tags?post=39306"}],"curies":[{"name":"wp","href":"https:\/\/api.w.org\/{rel}","templated":true}]}}