{"id":39293,"date":"2025-04-25T11:34:11","date_gmt":"2025-04-25T10:34:11","guid":{"rendered":"https:\/\/asisted.org\/blog\/sant-jordi-una-diada-per-posar-en-valor-les-persones\/"},"modified":"2025-04-25T11:34:11","modified_gmt":"2025-04-25T10:34:11","slug":"sant-jordi-una-diada-per-posar-en-valor-les-persones","status":"publish","type":"post","link":"https:\/\/asisted.org\/ca\/blog\/sant-jordi-una-diada-per-posar-en-valor-les-persones\/","title":{"rendered":"Sant Jordi, una Diada per posar en valor les persones"},"content":{"rendered":"<p><strong>La Diada de Sant Jordi \u00e9s molt m\u00e9s que llibres i roses. \u00c9s una oportunitat per enfortir vincles, recon\u00e8ixer traject\u00f2ries i fer visible el comprom\u00eds amb una societat m\u00e9s justa i inclusiva.<\/strong><\/p>\n<p><!--more--><\/p>\n<p>A <a href=\"https:\/\/asisted.com\/\" target=\"_blank\" rel=\"noopener\">ASISTED<\/a> vivim aquesta jornada com <strong>un dia que refor\u00e7a el nostre comprom\u00eds social<\/strong>. Aquest 2025, hem tornat a omplir de significat la Diada amb una acci\u00f3 simb\u00f2lica i molt esperada: el <strong>lliurament de llibres i roses tant a les persones ateses com al nostre equip professional<\/strong>.<\/p>\n<h2><strong>Col\u00b7laborem amb la Fundaci\u00f3 Portol\u00e0 per omplir aquest dia de sentit<\/strong><\/h2>\n<p> Durant el dia de Sant Jordi, vam visitar <strong>persones ateses als seus domicilis<\/strong>. Cada visita va ser una oportunitat per recon\u00e8ixer la hist\u00f2ria i el recorregut de cada persona. Lliurar una rosa i un llibre a casa seva reflecteix el nostre comprom\u00eds amb una atenci\u00f3 propera i respectuosa. <\/p>\n<h3><strong>Un detall que sost\u00e9 130 llocs de treball<\/strong><\/h3>\n<p> Les roses que vam lliurar tenen un valor afegit. Provenen de la <a href=\"https:\/\/www.fundacioportola.com\/\" target=\"_blank\" rel=\"noopener\"><strong>Fundaci\u00f3 Portol\u00e0<\/strong><\/a>, una entitat que impulsa la inclusi\u00f3 laboral de persones amb discapacitat intel\u00b7lectual i\/o trastorn de salut mental. Gr\u00e0cies a la seva tasca, cada flor que entreguem contribueix a mantenir <strong>prop de 130 llocs de treball<\/strong> i a refor\u00e7ar un model d\u2019economia social amb impacte real. <\/p>\n<h3><strong>El reconeixement tamb\u00e9 va arribar a les oficines<\/strong><\/h3>\n<p> L\u2019equip d\u2019ASISTED \u00e9s ampli i divers. Per aix\u00f2, tamb\u00e9 <strong>vam fer arribar aquest petit gest a les persones que treballen des dels diferents serveis i oficines<\/strong>, fent possible el dia a dia de l\u2019entitat. La Diada \u00e9s una oportunitat per recon\u00e8ixer l\u2019esfor\u00e7 i continuar construint els vincles que ens uneixen.<\/p>\n<p>Aquest any hem volgut compartir part d\u2019aquesta acci\u00f3 a trav\u00e9s de les xarxes socials, mostrant imatges d\u2019alguns dels moments viscuts. Perqu\u00e8 fer visible el que fem tamb\u00e9 \u00e9s una manera de <strong>fer cr\u00e9ixer la cultura de l\u2019atenci\u00f3 centrada en les persones<\/strong>, d\u2019una manera propera i compromesa.<\/p>\n<div id='gallery-1' class='gallery galleryid-39293 gallery-columns-4 gallery-size-full'><figure class='gallery-item'>\n\t\t\t<div class='gallery-icon portrait'>\n\t\t\t\t<a href=\"https:\/\/asisted.org\/ca\/blog\/sant-jordi-una-diada-per-posar-en-valor-les-persones\/whatsapp-image-2025-04-24-at-08-54-34-1-2-2\/\"><img fetchpriority=\"high\" decoding=\"async\" width=\"1200\" height=\"1600\" src=\"https:\/\/asisted.org\/wp-content\/uploads\/WhatsApp-Image-2025-04-24-at-08.54.34-1-1.jpeg\" class=\"attachment-full size-full\" alt=\"\" srcset=\"https:\/\/asisted.org\/wp-content\/uploads\/WhatsApp-Image-2025-04-24-at-08.54.34-1-1.jpeg 1200w, https:\/\/asisted.org\/wp-content\/uploads\/WhatsApp-Image-2025-04-24-at-08.54.34-1-1-225x300.jpeg 225w, https:\/\/asisted.org\/wp-content\/uploads\/WhatsApp-Image-2025-04-24-at-08.54.34-1-1-768x1024.jpeg 768w, https:\/\/asisted.org\/wp-content\/uploads\/WhatsApp-Image-2025-04-24-at-08.54.34-1-1-1152x1536.jpeg 1152w\" sizes=\"(max-width: 1200px) 100vw, 1200px\" \/><\/a>\n\t\t\t<\/div><\/figure><figure class='gallery-item'>\n\t\t\t<div class='gallery-icon portrait'>\n\t\t\t\t<a href=\"https:\/\/asisted.org\/ca\/blog\/sant-jordi-una-diada-per-posar-en-valor-les-persones\/whatsapp-image-2025-04-24-at-08-54-34-2-2\/\"><img decoding=\"async\" width=\"1200\" height=\"1600\" src=\"https:\/\/asisted.org\/wp-content\/uploads\/WhatsApp-Image-2025-04-24-at-08.54.34-2.jpeg\" class=\"attachment-full size-full\" alt=\"\" srcset=\"https:\/\/asisted.org\/wp-content\/uploads\/WhatsApp-Image-2025-04-24-at-08.54.34-2.jpeg 1200w, https:\/\/asisted.org\/wp-content\/uploads\/WhatsApp-Image-2025-04-24-at-08.54.34-2-225x300.jpeg 225w, https:\/\/asisted.org\/wp-content\/uploads\/WhatsApp-Image-2025-04-24-at-08.54.34-2-768x1024.jpeg 768w, https:\/\/asisted.org\/wp-content\/uploads\/WhatsApp-Image-2025-04-24-at-08.54.34-2-1152x1536.jpeg 1152w\" sizes=\"(max-width: 1200px) 100vw, 1200px\" \/><\/a>\n\t\t\t<\/div><\/figure><figure class='gallery-item'>\n\t\t\t<div class='gallery-icon portrait'>\n\t\t\t\t<a href=\"https:\/\/asisted.org\/ca\/blog\/sant-jordi-una-diada-per-posar-en-valor-les-persones\/whatsapp-image-2025-04-24-at-08-54-34-3-2\/\"><img decoding=\"async\" width=\"901\" height=\"1600\" src=\"https:\/\/asisted.org\/wp-content\/uploads\/WhatsApp-Image-2025-04-24-at-08.54.34-3.jpeg\" class=\"attachment-full size-full\" alt=\"\" srcset=\"https:\/\/asisted.org\/wp-content\/uploads\/WhatsApp-Image-2025-04-24-at-08.54.34-3.jpeg 901w, https:\/\/asisted.org\/wp-content\/uploads\/WhatsApp-Image-2025-04-24-at-08.54.34-3-169x300.jpeg 169w, https:\/\/asisted.org\/wp-content\/uploads\/WhatsApp-Image-2025-04-24-at-08.54.34-3-577x1024.jpeg 577w, https:\/\/asisted.org\/wp-content\/uploads\/WhatsApp-Image-2025-04-24-at-08.54.34-3-768x1364.jpeg 768w, https:\/\/asisted.org\/wp-content\/uploads\/WhatsApp-Image-2025-04-24-at-08.54.34-3-865x1536.jpeg 865w\" sizes=\"(max-width: 901px) 100vw, 901px\" \/><\/a>\n\t\t\t<\/div><\/figure><figure class='gallery-item'>\n\t\t\t<div class='gallery-icon portrait'>\n\t\t\t\t<a href=\"https:\/\/asisted.org\/ca\/blog\/sant-jordi-una-diada-per-posar-en-valor-les-persones\/whatsapp-image-2025-04-24-at-08-54-34-4-2\/\"><img loading=\"lazy\" decoding=\"async\" width=\"901\" height=\"1600\" src=\"https:\/\/asisted.org\/wp-content\/uploads\/WhatsApp-Image-2025-04-24-at-08.54.34-4.jpeg\" class=\"attachment-full size-full\" alt=\"\" srcset=\"https:\/\/asisted.org\/wp-content\/uploads\/WhatsApp-Image-2025-04-24-at-08.54.34-4.jpeg 901w, https:\/\/asisted.org\/wp-content\/uploads\/WhatsApp-Image-2025-04-24-at-08.54.34-4-169x300.jpeg 169w, https:\/\/asisted.org\/wp-content\/uploads\/WhatsApp-Image-2025-04-24-at-08.54.34-4-577x1024.jpeg 577w, https:\/\/asisted.org\/wp-content\/uploads\/WhatsApp-Image-2025-04-24-at-08.54.34-4-768x1364.jpeg 768w, https:\/\/asisted.org\/wp-content\/uploads\/WhatsApp-Image-2025-04-24-at-08.54.34-4-865x1536.jpeg 865w\" sizes=\"(max-width: 901px) 100vw, 901px\" \/><\/a>\n\t\t\t<\/div><\/figure><figure class='gallery-item'>\n\t\t\t<div class='gallery-icon portrait'>\n\t\t\t\t<a href=\"https:\/\/asisted.org\/ca\/blog\/sant-jordi-una-diada-per-posar-en-valor-les-persones\/whatsapp-image-2025-04-24-at-08-54-35-1-2\/\"><img loading=\"lazy\" decoding=\"async\" width=\"901\" height=\"1600\" src=\"https:\/\/asisted.org\/wp-content\/uploads\/WhatsApp-Image-2025-04-24-at-08.54.35-1.jpeg\" class=\"attachment-full size-full\" alt=\"\" srcset=\"https:\/\/asisted.org\/wp-content\/uploads\/WhatsApp-Image-2025-04-24-at-08.54.35-1.jpeg 901w, https:\/\/asisted.org\/wp-content\/uploads\/WhatsApp-Image-2025-04-24-at-08.54.35-1-169x300.jpeg 169w, https:\/\/asisted.org\/wp-content\/uploads\/WhatsApp-Image-2025-04-24-at-08.54.35-1-577x1024.jpeg 577w, https:\/\/asisted.org\/wp-content\/uploads\/WhatsApp-Image-2025-04-24-at-08.54.35-1-768x1364.jpeg 768w, https:\/\/asisted.org\/wp-content\/uploads\/WhatsApp-Image-2025-04-24-at-08.54.35-1-865x1536.jpeg 865w\" sizes=\"(max-width: 901px) 100vw, 901px\" \/><\/a>\n\t\t\t<\/div><\/figure><figure class='gallery-item'>\n\t\t\t<div class='gallery-icon portrait'>\n\t\t\t\t<a href=\"https:\/\/asisted.org\/ca\/blog\/sant-jordi-una-diada-per-posar-en-valor-les-persones\/whatsapp-image-2025-04-24-at-08-54-35-2-2\/\"><img loading=\"lazy\" decoding=\"async\" width=\"1200\" height=\"1600\" src=\"https:\/\/asisted.org\/wp-content\/uploads\/WhatsApp-Image-2025-04-24-at-08.54.35-2.jpeg\" class=\"attachment-full size-full\" alt=\"\" srcset=\"https:\/\/asisted.org\/wp-content\/uploads\/WhatsApp-Image-2025-04-24-at-08.54.35-2.jpeg 1200w, https:\/\/asisted.org\/wp-content\/uploads\/WhatsApp-Image-2025-04-24-at-08.54.35-2-225x300.jpeg 225w, https:\/\/asisted.org\/wp-content\/uploads\/WhatsApp-Image-2025-04-24-at-08.54.35-2-768x1024.jpeg 768w, https:\/\/asisted.org\/wp-content\/uploads\/WhatsApp-Image-2025-04-24-at-08.54.35-2-1152x1536.jpeg 1152w\" sizes=\"(max-width: 1200px) 100vw, 1200px\" \/><\/a>\n\t\t\t<\/div><\/figure><figure class='gallery-item'>\n\t\t\t<div class='gallery-icon portrait'>\n\t\t\t\t<a href=\"https:\/\/asisted.org\/ca\/blog\/sant-jordi-una-diada-per-posar-en-valor-les-persones\/whatsapp-image-2025-04-24-at-08-54-35-3\/\"><img loading=\"lazy\" decoding=\"async\" width=\"901\" height=\"1600\" src=\"https:\/\/asisted.org\/wp-content\/uploads\/WhatsApp-Image-2025-04-24-at-08.54.35.jpeg\" class=\"attachment-full size-full\" alt=\"\" srcset=\"https:\/\/asisted.org\/wp-content\/uploads\/WhatsApp-Image-2025-04-24-at-08.54.35.jpeg 901w, https:\/\/asisted.org\/wp-content\/uploads\/WhatsApp-Image-2025-04-24-at-08.54.35-169x300.jpeg 169w, https:\/\/asisted.org\/wp-content\/uploads\/WhatsApp-Image-2025-04-24-at-08.54.35-577x1024.jpeg 577w, https:\/\/asisted.org\/wp-content\/uploads\/WhatsApp-Image-2025-04-24-at-08.54.35-768x1364.jpeg 768w, https:\/\/asisted.org\/wp-content\/uploads\/WhatsApp-Image-2025-04-24-at-08.54.35-865x1536.jpeg 865w\" sizes=\"(max-width: 901px) 100vw, 901px\" \/><\/a>\n\t\t\t<\/div><\/figure><figure class='gallery-item'>\n\t\t\t<div class='gallery-icon portrait'>\n\t\t\t\t<a href=\"https:\/\/asisted.org\/ca\/blog\/sant-jordi-una-diada-per-posar-en-valor-les-persones\/whatsapp-image-2025-04-24-at-08-54-36-1-2\/\"><img loading=\"lazy\" decoding=\"async\" width=\"1536\" height=\"2048\" src=\"https:\/\/asisted.org\/wp-content\/uploads\/WhatsApp-Image-2025-04-24-at-08.54.36-1.jpeg\" class=\"attachment-full size-full\" alt=\"\" srcset=\"https:\/\/asisted.org\/wp-content\/uploads\/WhatsApp-Image-2025-04-24-at-08.54.36-1.jpeg 1536w, https:\/\/asisted.org\/wp-content\/uploads\/WhatsApp-Image-2025-04-24-at-08.54.36-1-225x300.jpeg 225w, https:\/\/asisted.org\/wp-content\/uploads\/WhatsApp-Image-2025-04-24-at-08.54.36-1-768x1024.jpeg 768w, https:\/\/asisted.org\/wp-content\/uploads\/WhatsApp-Image-2025-04-24-at-08.54.36-1-1152x1536.jpeg 1152w\" sizes=\"(max-width: 1536px) 100vw, 1536px\" \/><\/a>\n\t\t\t<\/div><\/figure><figure class='gallery-item'>\n\t\t\t<div class='gallery-icon portrait'>\n\t\t\t\t<a href=\"https:\/\/asisted.org\/ca\/blog\/sant-jordi-una-diada-per-posar-en-valor-les-persones\/whatsapp-image-2025-04-24-at-08-54-36-2\/\"><img loading=\"lazy\" decoding=\"async\" width=\"1200\" height=\"1600\" src=\"https:\/\/asisted.org\/wp-content\/uploads\/WhatsApp-Image-2025-04-24-at-08.54.36.jpeg\" class=\"attachment-full size-full\" alt=\"\" srcset=\"https:\/\/asisted.org\/wp-content\/uploads\/WhatsApp-Image-2025-04-24-at-08.54.36.jpeg 1200w, https:\/\/asisted.org\/wp-content\/uploads\/WhatsApp-Image-2025-04-24-at-08.54.36-225x300.jpeg 225w, https:\/\/asisted.org\/wp-content\/uploads\/WhatsApp-Image-2025-04-24-at-08.54.36-768x1024.jpeg 768w, https:\/\/asisted.org\/wp-content\/uploads\/WhatsApp-Image-2025-04-24-at-08.54.36-1152x1536.jpeg 1152w\" sizes=\"(max-width: 1200px) 100vw, 1200px\" \/><\/a>\n\t\t\t<\/div><\/figure><figure class='gallery-item'>\n\t\t\t<div class='gallery-icon portrait'>\n\t\t\t\t<a href=\"https:\/\/asisted.org\/ca\/blog\/sant-jordi-una-diada-per-posar-en-valor-les-persones\/whatsapp-image-2025-04-24-at-08-54-49-2\/\"><img loading=\"lazy\" decoding=\"async\" width=\"1536\" height=\"2048\" src=\"https:\/\/asisted.org\/wp-content\/uploads\/WhatsApp-Image-2025-04-24-at-08.54.49.jpeg\" class=\"attachment-full size-full\" alt=\"\" srcset=\"https:\/\/asisted.org\/wp-content\/uploads\/WhatsApp-Image-2025-04-24-at-08.54.49.jpeg 1536w, https:\/\/asisted.org\/wp-content\/uploads\/WhatsApp-Image-2025-04-24-at-08.54.49-225x300.jpeg 225w, https:\/\/asisted.org\/wp-content\/uploads\/WhatsApp-Image-2025-04-24-at-08.54.49-768x1024.jpeg 768w, https:\/\/asisted.org\/wp-content\/uploads\/WhatsApp-Image-2025-04-24-at-08.54.49-1152x1536.jpeg 1152w\" sizes=\"(max-width: 1536px) 100vw, 1536px\" \/><\/a>\n\t\t\t<\/div><\/figure><figure class='gallery-item'>\n\t\t\t<div class='gallery-icon portrait'>\n\t\t\t\t<a href=\"https:\/\/asisted.org\/ca\/blog\/sant-jordi-una-diada-per-posar-en-valor-les-persones\/whatsapp-image-2025-04-24-at-08-55-05-2\/\"><img loading=\"lazy\" decoding=\"async\" width=\"1119\" height=\"1600\" src=\"https:\/\/asisted.org\/wp-content\/uploads\/WhatsApp-Image-2025-04-24-at-08.55.05.jpeg\" class=\"attachment-full size-full\" alt=\"\" srcset=\"https:\/\/asisted.org\/wp-content\/uploads\/WhatsApp-Image-2025-04-24-at-08.55.05.jpeg 1119w, https:\/\/asisted.org\/wp-content\/uploads\/WhatsApp-Image-2025-04-24-at-08.55.05-210x300.jpeg 210w, https:\/\/asisted.org\/wp-content\/uploads\/WhatsApp-Image-2025-04-24-at-08.55.05-716x1024.jpeg 716w, https:\/\/asisted.org\/wp-content\/uploads\/WhatsApp-Image-2025-04-24-at-08.55.05-768x1098.jpeg 768w, https:\/\/asisted.org\/wp-content\/uploads\/WhatsApp-Image-2025-04-24-at-08.55.05-1074x1536.jpeg 1074w\" sizes=\"(max-width: 1119px) 100vw, 1119px\" \/><\/a>\n\t\t\t<\/div><\/figure>\n\t\t<\/div>\n\n<h2><strong>Una Diada amb valor social<\/strong><\/h2>\n<p> Accions com aquesta ens recorden que, darrere de cada servei, hi ha hist\u00f2ries. Que cada detall pot refor\u00e7ar l\u2019autoestima, el sentiment de pertinen\u00e7a i el vincle amb la comunitat. A ASISTED, continuarem treballant per una atenci\u00f3 que posi les persones al centre, amb gestos que van m\u00e9s enll\u00e0 de la prestaci\u00f3. Perqu\u00e8 una Diada com la de Sant Jordi tamb\u00e9 pot ser una manera de construir societat.<\/p>\n","protected":false},"excerpt":{"rendered":"<p>La Diada de Sant Jordi \u00e9s molt m\u00e9s que llibres i roses. \u00c9s una oportunitat per enfortir vincles, recon\u00e8ixer traject\u00f2ries i fer visible el comprom\u00eds amb una societat m\u00e9s justa i inclusiva.<\/p>\n","protected":false},"author":6,"featured_media":39294,"comment_status":"closed","ping_status":"closed","sticky":false,"template":"","format":"standard","meta":{"_acf_changed":false,"footnotes":""},"categories":[279],"tags":[292,293,294],"class_list":["post-39293","post","type-post","status-publish","format-standard","has-post-thumbnail","hentry","category-asisted","tag-fundacio-portola","tag-inclusio","tag-sant-jordi"],"acf":[],"_links":{"self":[{"href":"https:\/\/asisted.org\/ca\/wp-json\/wp\/v2\/posts\/39293","targetHints":{"allow":["GET"]}}],"collection":[{"href":"https:\/\/asisted.org\/ca\/wp-json\/wp\/v2\/posts"}],"about":[{"href":"https:\/\/asisted.org\/ca\/wp-json\/wp\/v2\/types\/post"}],"author":[{"embeddable":true,"href":"https:\/\/asisted.org\/ca\/wp-json\/wp\/v2\/users\/6"}],"replies":[{"embeddable":true,"href":"https:\/\/asisted.org\/ca\/wp-json\/wp\/v2\/comments?post=39293"}],"version-history":[{"count":0,"href":"https:\/\/asisted.org\/ca\/wp-json\/wp\/v2\/posts\/39293\/revisions"}],"wp:featuredmedia":[{"embeddable":true,"href":"https:\/\/asisted.org\/ca\/wp-json\/wp\/v2\/media\/39294"}],"wp:attachment":[{"href":"https:\/\/asisted.org\/ca\/wp-json\/wp\/v2\/media?parent=39293"}],"wp:term":[{"taxonomy":"category","embeddable":true,"href":"https:\/\/asisted.org\/ca\/wp-json\/wp\/v2\/categories?post=39293"},{"taxonomy":"post_tag","embeddable":true,"href":"https:\/\/asisted.org\/ca\/wp-json\/wp\/v2\/tags?post=39293"}],"curies":[{"name":"wp","href":"https:\/\/api.w.org\/{rel}","templated":true}]}}