{"id":39290,"date":"2025-05-13T08:53:43","date_gmt":"2025-05-13T07:53:43","guid":{"rendered":"https:\/\/asisted.org\/blog\/inaugurem-una-nova-aula-de-formacio-per-a-cuidadors-i-cuidadores-asisted\/"},"modified":"2026-02-17T13:04:16","modified_gmt":"2026-02-17T12:04:16","slug":"inaugurem-una-nova-aula-de-formacio-per-a-cuidadors-i-cuidadores-asisted","status":"publish","type":"post","link":"https:\/\/asisted.org\/ca\/blog\/inaugurem-una-nova-aula-de-formacio-per-a-cuidadors-i-cuidadores-asisted\/","title":{"rendered":"Inaugurem una nova aula de formaci\u00f3 per a cuidadors a ASISTED Barcelona"},"content":{"rendered":"<p>A ASISTED entenem que una atenci\u00f3 de qualitat nom\u00e9s \u00e9s possible quan va acompanyada de formaci\u00f3 cont\u00ednua i d\u2019espais d\u2019aprenentatge adequats. Per aix\u00f2, hem creat una <strong>nova aula formativa per als cuidadors i cuidadores del nostre equip<\/strong>, concebuda com un entorn de creixement professional i hum\u00e0 per a tot l\u2019equip.<\/p>\n<h2><strong>Un nou espai dedicat a la capacitaci\u00f3 de l\u2019equip assistencial<\/strong><\/h2>\n<p> Aquesta nova aula neix amb l\u2019objectiu d\u2019oferir sessions de <strong>formaci\u00f3 per a cuidadors professionals<\/strong>, abordant tem\u00e0tiques clau que afecten el dia a dia de la nostra tasca assistencial: des d\u2019aspectes t\u00e8cnics i sanitaris fins a compet\u00e8ncies relacionals i emocionals.<\/p>\n<p>Aquest espai, pensat per enfortir el coneixement i la pr\u00e0ctica professional, tamb\u00e9 busca fomentar la cohesi\u00f3 entre les persones de l\u2019equip i oferir eines actualitzades per a una atenci\u00f3 cada vegada m\u00e9s centrada en les persones.<\/p>\n<p style=\"text-align: center;\"><img fetchpriority=\"high\" decoding=\"async\" class=\"alignnone size-full wp-image-35531\" src=\"https:\/\/asisted.org\/wp-content\/uploads\/WhatsApp-Image-2025-05-08-at-16.18.19-1.jpeg\" alt=\"\" width=\"1536\" height=\"1219\" srcset=\"https:\/\/asisted.org\/wp-content\/uploads\/WhatsApp-Image-2025-05-08-at-16.18.19-1.jpeg 1536w, https:\/\/asisted.org\/wp-content\/uploads\/WhatsApp-Image-2025-05-08-at-16.18.19-1-300x238.jpeg 300w, https:\/\/asisted.org\/wp-content\/uploads\/WhatsApp-Image-2025-05-08-at-16.18.19-1-1024x813.jpeg 1024w, https:\/\/asisted.org\/wp-content\/uploads\/WhatsApp-Image-2025-05-08-at-16.18.19-1-768x610.jpeg 768w\" sizes=\"(max-width: 1536px) 100vw, 1536px\" \/><\/p>\n","protected":false},"excerpt":{"rendered":"<p>A ASISTED entenem que una atenci\u00f3 de qualitat nom\u00e9s \u00e9s possible quan va acompanyada de formaci\u00f3 cont\u00ednua i d\u2019espais d\u2019aprenentatge adequats. Per aix\u00f2, hem creat una nova aula formativa per als cuidadors i cuidadores del nostre equip, concebuda com un entorn de creixement professional i hum\u00e0 per a tot l\u2019equip. Un nou espai dedicat a [&hellip;]<\/p>\n","protected":false},"author":6,"featured_media":39292,"comment_status":"closed","ping_status":"closed","sticky":false,"template":"","format":"standard","meta":{"_acf_changed":false,"footnotes":""},"categories":[279,269],"tags":[283,271,289],"class_list":["post-39290","post","type-post","status-publish","format-standard","has-post-thumbnail","hentry","category-asisted","category-formacions","tag-equip","tag-formacio","tag-salut-mental"],"acf":[],"_links":{"self":[{"href":"https:\/\/asisted.org\/ca\/wp-json\/wp\/v2\/posts\/39290","targetHints":{"allow":["GET"]}}],"collection":[{"href":"https:\/\/asisted.org\/ca\/wp-json\/wp\/v2\/posts"}],"about":[{"href":"https:\/\/asisted.org\/ca\/wp-json\/wp\/v2\/types\/post"}],"author":[{"embeddable":true,"href":"https:\/\/asisted.org\/ca\/wp-json\/wp\/v2\/users\/6"}],"replies":[{"embeddable":true,"href":"https:\/\/asisted.org\/ca\/wp-json\/wp\/v2\/comments?post=39290"}],"version-history":[{"count":1,"href":"https:\/\/asisted.org\/ca\/wp-json\/wp\/v2\/posts\/39290\/revisions"}],"predecessor-version":[{"id":39591,"href":"https:\/\/asisted.org\/ca\/wp-json\/wp\/v2\/posts\/39290\/revisions\/39591"}],"wp:featuredmedia":[{"embeddable":true,"href":"https:\/\/asisted.org\/ca\/wp-json\/wp\/v2\/media\/39292"}],"wp:attachment":[{"href":"https:\/\/asisted.org\/ca\/wp-json\/wp\/v2\/media?parent=39290"}],"wp:term":[{"taxonomy":"category","embeddable":true,"href":"https:\/\/asisted.org\/ca\/wp-json\/wp\/v2\/categories?post=39290"},{"taxonomy":"post_tag","embeddable":true,"href":"https:\/\/asisted.org\/ca\/wp-json\/wp\/v2\/tags?post=39290"}],"curies":[{"name":"wp","href":"https:\/\/api.w.org\/{rel}","templated":true}]}}