{"id":39287,"date":"2025-05-22T10:13:46","date_gmt":"2025-05-22T09:13:46","guid":{"rendered":"https:\/\/asisted.org\/blog\/firagran-2025-una-trobada-per-reforcar-el-compromis-amb-les-persones-grans\/"},"modified":"2026-02-17T13:04:11","modified_gmt":"2026-02-17T12:04:11","slug":"firagran-2025-una-trobada-per-reforcar-el-compromis-amb-les-persones-grans","status":"publish","type":"post","link":"https:\/\/asisted.org\/ca\/blog\/firagran-2025-una-trobada-per-reforcar-el-compromis-amb-les-persones-grans\/","title":{"rendered":"FiraGran 2025: una trobada per refor\u00e7ar el comprom\u00eds amb les persones grans"},"content":{"rendered":"<p>Del 7 al 9 de maig de 2025, La Farga de l\u2019Hospitalet de Llobregat va acollir la 26a edici\u00f3 de <a href=\"https:\/\/www.lafargalhospitalet.com\/events\/firagran-2025\/\" target=\"_blank\" rel=\"noopener\"><b>FiraGran<\/b><\/a>, el Sal\u00f3 de les Persones Grans de Catalunya. Aquest esdeveniment es va consolidar com un espai clau per a professionals, entitats i administracions compromeses amb el benestar i la qualitat de vida de les persones grans.<\/p>\n<p><!--more--> <\/p>\n<h3>Un espai per al di\u00e0leg i la col\u00b7laboraci\u00f3<\/h3>\n<p class=\"x_elementToProof\">Aquesta edici\u00f3 va reunir m\u00e9s de 80 expositors i va oferir m\u00e9s de 300 activitats gratu\u00eftes, que van incloure tallers, confer\u00e8ncies i espais de reflexi\u00f3 sobre temes clau com l\u2019envelliment actiu, la soledat no desitjada i la digitalitzaci\u00f3 inclusiva. La pres\u00e8ncia de figures destacades, com <b>Joan Manuel Serrat<\/b> i <b>Rosa Mar\u00eda Calaf<\/b>, en el \u201cDi\u00e0leg sobre la Vellesa\u201d, va subratllar la rellev\u00e0ncia social d\u2019aquestes q\u00fcestions.<\/p>\n<h3>Enfortint aliances en la lluita contra la soledat no desitjada<\/h3>\n<p> <img fetchpriority=\"high\" decoding=\"async\" class=\"wp-image-35719 aligncenter\" src=\"https:\/\/asisted.org\/wp-content\/uploads\/WhatsApp-Image-2025-05-21-at-13.06.35-1.jpeg\" alt=\"\" width=\"301\" height=\"350\" srcset=\"https:\/\/asisted.org\/wp-content\/uploads\/WhatsApp-Image-2025-05-21-at-13.06.35-1.jpeg 897w, https:\/\/asisted.org\/wp-content\/uploads\/WhatsApp-Image-2025-05-21-at-13.06.35-1-259x300.jpeg 259w, https:\/\/asisted.org\/wp-content\/uploads\/WhatsApp-Image-2025-05-21-at-13.06.35-1-882x1024.jpeg 882w, https:\/\/asisted.org\/wp-content\/uploads\/WhatsApp-Image-2025-05-21-at-13.06.35-1-768x891.jpeg 768w\" sizes=\"(max-width: 301px) 100vw, 301px\" \/> <\/p>\n<p data-start=\"87\" data-end=\"479\">A ASISTED, com a membres actius de la <a href=\"https:\/\/redsoledad.es\/\" target=\"_blank\" rel=\"noopener\"><strong data-start=\"124\" data-end=\"141\">Red Soledades<\/strong><\/a>, estem plenament compromesos amb aquesta causa. Durant <strong data-start=\"200\" data-end=\"217\">FiraGran 2025<\/strong>, el nostre president i fundador, <a href=\"https:\/\/www.linkedin.com\/in\/gabriel-calzado-98122199\/\" target=\"_blank\" rel=\"noopener\"><strong data-start=\"250\" data-end=\"269\">Gabriel Calzado<\/strong><\/a>, va participar juntament amb <strong data-start=\"289\" data-end=\"306\">Julio Gisbert<\/strong> com a representants a Catalunya de la <strong data-start=\"342\" data-end=\"359\">Red Soledades<\/strong>, per donar a con\u00e8ixer la seva tasca i refor\u00e7ar el treball conjunt en la millora de la qualitat de vida de les persones grans.<\/p>\n<h3>Red Soledades: col\u00b7laboraci\u00f3 per combatre la soledat no desitjada<\/h3>\n<p> <b>Red Soledades<\/b> \u00e9s una xarxa estatal que agrupa entitats p\u00fabliques i privades, universitats i organitzacions compromeses amb la sensibilitzaci\u00f3 i l\u2019acci\u00f3 davant la soledat no volguda en persones grans. Aquesta tasca, fonamental per millorar la qualitat de vida d\u2019aquest col\u00b7lectiu, ha estat recentment reconeguda amb el <b>Premi Fundaci\u00f3 FiraGran 2025<\/b> en l\u2019\u00c0mbit C\u00edvic i Social.<\/p>\n<p>La nostra participaci\u00f3 a FiraGran 2025 reafirma el nostre comprom\u00eds amb l\u2019atenci\u00f3 integral, la coordinaci\u00f3 professional i el treball conjunt amb altres entitats per garantir el benestar de les persones grans. Continuem avan\u00e7ant per oferir serveis adaptats a les necessitats reals de les persones que ho requereixen, promovent la seva autonomia i qualitat de vida en el seu entorn habitual.<\/p>\n","protected":false},"excerpt":{"rendered":"<p>Del 7 al 9 de maig de 2025, La Farga de l\u2019Hospitalet de Llobregat va acollir la 26a edici\u00f3 de FiraGran, el Sal\u00f3 de les Persones Grans de Catalunya. Aquest esdeveniment es va consolidar com un espai clau per a professionals, entitats i administracions compromeses amb el benestar i la qualitat de vida de les [&hellip;]<\/p>\n","protected":false},"author":6,"featured_media":39288,"comment_status":"closed","ping_status":"closed","sticky":false,"template":"","format":"standard","meta":{"_acf_changed":false,"footnotes":""},"categories":[279,80],"tags":[290,291],"class_list":["post-39287","post","type-post","status-publish","format-standard","has-post-thumbnail","hentry","category-asisted","category-sin-categoria","tag-firagran","tag-red-soledades"],"acf":[],"_links":{"self":[{"href":"https:\/\/asisted.org\/ca\/wp-json\/wp\/v2\/posts\/39287","targetHints":{"allow":["GET"]}}],"collection":[{"href":"https:\/\/asisted.org\/ca\/wp-json\/wp\/v2\/posts"}],"about":[{"href":"https:\/\/asisted.org\/ca\/wp-json\/wp\/v2\/types\/post"}],"author":[{"embeddable":true,"href":"https:\/\/asisted.org\/ca\/wp-json\/wp\/v2\/users\/6"}],"replies":[{"embeddable":true,"href":"https:\/\/asisted.org\/ca\/wp-json\/wp\/v2\/comments?post=39287"}],"version-history":[{"count":1,"href":"https:\/\/asisted.org\/ca\/wp-json\/wp\/v2\/posts\/39287\/revisions"}],"predecessor-version":[{"id":39590,"href":"https:\/\/asisted.org\/ca\/wp-json\/wp\/v2\/posts\/39287\/revisions\/39590"}],"wp:featuredmedia":[{"embeddable":true,"href":"https:\/\/asisted.org\/ca\/wp-json\/wp\/v2\/media\/39288"}],"wp:attachment":[{"href":"https:\/\/asisted.org\/ca\/wp-json\/wp\/v2\/media?parent=39287"}],"wp:term":[{"taxonomy":"category","embeddable":true,"href":"https:\/\/asisted.org\/ca\/wp-json\/wp\/v2\/categories?post=39287"},{"taxonomy":"post_tag","embeddable":true,"href":"https:\/\/asisted.org\/ca\/wp-json\/wp\/v2\/tags?post=39287"}],"curies":[{"name":"wp","href":"https:\/\/api.w.org\/{rel}","templated":true}]}}