{"id":39283,"date":"2025-07-20T10:17:19","date_gmt":"2025-07-20T09:17:19","guid":{"rendered":"https:\/\/asisted.org\/blog\/sessio-formativa-sobre-salut-mental-i-acompanyament\/"},"modified":"2025-07-20T10:17:19","modified_gmt":"2025-07-20T09:17:19","slug":"sessio-formativa-sobre-salut-mental-i-acompanyament","status":"publish","type":"post","link":"https:\/\/asisted.org\/ca\/blog\/sessio-formativa-sobre-salut-mental-i-acompanyament\/","title":{"rendered":"Sessi\u00f3 formativa sobre salut mental i acompanyament"},"content":{"rendered":"<p>La setmana passada <a href=\"https:\/\/dev.asisted.com\/blog\/nueva-aula-formacion-cuidadores\/\" target=\"_blank\" rel=\"noopener\">vam inaugurar la nova aula<\/a> d\u2019<a href=\"https:\/\/asisted.org\/ca\/\">ASISTED<\/a> Barcelona amb una <strong>formaci\u00f3 sobre salut mental<\/strong>, impartida per personal sanitari de la Fundaci\u00f3 Hospital\u00e0ries. Una sessi\u00f3 adre\u00e7ada a <strong>professionals del sector assistencial<\/strong>, en qu\u00e8 es van abordar q\u00fcestions fonamentals sobre l\u2019acompanyament a persones en situaci\u00f3 de vulnerabilitat psicosocial.<\/p>\n<p>L\u2019equip d\u2019ASISTED hi va participar activament, mostrant sensibilitat, inter\u00e8s i un fort comprom\u00eds amb la seva tasca. Va ser un espai enriquidor on es van compartir inquietuds, experi\u00e8ncies i el desig com\u00fa de continuar aprenent per cuidar millor, no nom\u00e9s des d\u2019un vessant t\u00e8cnic, sin\u00f3 tamb\u00e9 hum\u00e0.<\/p>\n<div id='gallery-1' class='gallery galleryid-39283 gallery-columns-3 gallery-size-full'><figure class='gallery-item'>\n\t\t\t<div class='gallery-icon landscape'>\n\t\t\t\t<a href=\"https:\/\/asisted.org\/ca\/blog\/sessio-formativa-sobre-salut-mental-i-acompanyament\/whatsapp-image-2025-05-08-at-16-18-32-2\/\"><img fetchpriority=\"high\" decoding=\"async\" width=\"2048\" height=\"1536\" src=\"https:\/\/asisted.org\/wp-content\/uploads\/WhatsApp-Image-2025-05-08-at-16.18.32.jpeg\" class=\"attachment-full size-full\" alt=\"\" srcset=\"https:\/\/asisted.org\/wp-content\/uploads\/WhatsApp-Image-2025-05-08-at-16.18.32.jpeg 2048w, https:\/\/asisted.org\/wp-content\/uploads\/WhatsApp-Image-2025-05-08-at-16.18.32-300x225.jpeg 300w, https:\/\/asisted.org\/wp-content\/uploads\/WhatsApp-Image-2025-05-08-at-16.18.32-1024x768.jpeg 1024w, https:\/\/asisted.org\/wp-content\/uploads\/WhatsApp-Image-2025-05-08-at-16.18.32-768x576.jpeg 768w, https:\/\/asisted.org\/wp-content\/uploads\/WhatsApp-Image-2025-05-08-at-16.18.32-1536x1152.jpeg 1536w\" sizes=\"(max-width: 2048px) 100vw, 2048px\" \/><\/a>\n\t\t\t<\/div><\/figure><figure class='gallery-item'>\n\t\t\t<div class='gallery-icon landscape'>\n\t\t\t\t<a href=\"https:\/\/asisted.org\/ca\/blog\/inaugurem-una-nova-aula-de-formacio-per-a-cuidadors-i-cuidadores-asisted\/whatsapp-image-2025-05-08-at-16-11-13-2\/\"><img decoding=\"async\" width=\"1600\" height=\"1200\" src=\"https:\/\/asisted.org\/wp-content\/uploads\/WhatsApp-Image-2025-05-08-at-16.11.13.jpeg\" class=\"attachment-full size-full\" alt=\"\" srcset=\"https:\/\/asisted.org\/wp-content\/uploads\/WhatsApp-Image-2025-05-08-at-16.11.13.jpeg 1600w, https:\/\/asisted.org\/wp-content\/uploads\/WhatsApp-Image-2025-05-08-at-16.11.13-300x225.jpeg 300w, https:\/\/asisted.org\/wp-content\/uploads\/WhatsApp-Image-2025-05-08-at-16.11.13-1024x768.jpeg 1024w, https:\/\/asisted.org\/wp-content\/uploads\/WhatsApp-Image-2025-05-08-at-16.11.13-768x576.jpeg 768w, https:\/\/asisted.org\/wp-content\/uploads\/WhatsApp-Image-2025-05-08-at-16.11.13-1536x1152.jpeg 1536w\" sizes=\"(max-width: 1600px) 100vw, 1600px\" \/><\/a>\n\t\t\t<\/div><\/figure><figure class='gallery-item'>\n\t\t\t<div class='gallery-icon landscape'>\n\t\t\t\t<a href=\"https:\/\/asisted.org\/ca\/blog\/inaugurem-una-nova-aula-de-formacio-per-a-cuidadors-i-cuidadores-asisted\/whatsapp-image-2025-05-08-at-16-11-25-2\/\"><img decoding=\"async\" width=\"1600\" height=\"1200\" src=\"https:\/\/asisted.org\/wp-content\/uploads\/WhatsApp-Image-2025-05-08-at-16.11.25.jpeg\" class=\"attachment-full size-full\" alt=\"\" srcset=\"https:\/\/asisted.org\/wp-content\/uploads\/WhatsApp-Image-2025-05-08-at-16.11.25.jpeg 1600w, https:\/\/asisted.org\/wp-content\/uploads\/WhatsApp-Image-2025-05-08-at-16.11.25-300x225.jpeg 300w, https:\/\/asisted.org\/wp-content\/uploads\/WhatsApp-Image-2025-05-08-at-16.11.25-1024x768.jpeg 1024w, https:\/\/asisted.org\/wp-content\/uploads\/WhatsApp-Image-2025-05-08-at-16.11.25-768x576.jpeg 768w, https:\/\/asisted.org\/wp-content\/uploads\/WhatsApp-Image-2025-05-08-at-16.11.25-1536x1152.jpeg 1536w\" sizes=\"(max-width: 1600px) 100vw, 1600px\" \/><\/a>\n\t\t\t<\/div><\/figure>\n\t\t<\/div>\n\n<p>La sessi\u00f3 va ser molt ben valorada per totes les assistents i posa de manifest la rellev\u00e0ncia de disposar d\u2019iniciatives de <strong>formaci\u00f3 per a professionals del sector assistencial<\/strong>, especialment en \u00e0mbits tan sensibles com la salut mental.<\/p>\n","protected":false},"excerpt":{"rendered":"<p>La setmana passada vam inaugurar la nova aula d\u2019ASISTED Barcelona amb una formaci\u00f3 sobre salut mental, impartida per personal sanitari de la Fundaci\u00f3 Hospital\u00e0ries. Una sessi\u00f3 adre\u00e7ada a professionals del sector assistencial, en qu\u00e8 es van abordar q\u00fcestions fonamentals sobre l\u2019acompanyament a persones en situaci\u00f3 de vulnerabilitat psicosocial. L\u2019equip d\u2019ASISTED hi va participar activament, mostrant [&hellip;]<\/p>\n","protected":false},"author":4,"featured_media":39284,"comment_status":"closed","ping_status":"closed","sticky":false,"template":"","format":"standard","meta":{"_acf_changed":false,"footnotes":""},"categories":[279,269],"tags":[283,271,289],"class_list":["post-39283","post","type-post","status-publish","format-standard","has-post-thumbnail","hentry","category-asisted","category-formacions","tag-equip","tag-formacio","tag-salut-mental"],"acf":[],"_links":{"self":[{"href":"https:\/\/asisted.org\/ca\/wp-json\/wp\/v2\/posts\/39283","targetHints":{"allow":["GET"]}}],"collection":[{"href":"https:\/\/asisted.org\/ca\/wp-json\/wp\/v2\/posts"}],"about":[{"href":"https:\/\/asisted.org\/ca\/wp-json\/wp\/v2\/types\/post"}],"author":[{"embeddable":true,"href":"https:\/\/asisted.org\/ca\/wp-json\/wp\/v2\/users\/4"}],"replies":[{"embeddable":true,"href":"https:\/\/asisted.org\/ca\/wp-json\/wp\/v2\/comments?post=39283"}],"version-history":[{"count":0,"href":"https:\/\/asisted.org\/ca\/wp-json\/wp\/v2\/posts\/39283\/revisions"}],"wp:featuredmedia":[{"embeddable":true,"href":"https:\/\/asisted.org\/ca\/wp-json\/wp\/v2\/media\/39284"}],"wp:attachment":[{"href":"https:\/\/asisted.org\/ca\/wp-json\/wp\/v2\/media?parent=39283"}],"wp:term":[{"taxonomy":"category","embeddable":true,"href":"https:\/\/asisted.org\/ca\/wp-json\/wp\/v2\/categories?post=39283"},{"taxonomy":"post_tag","embeddable":true,"href":"https:\/\/asisted.org\/ca\/wp-json\/wp\/v2\/tags?post=39283"}],"curies":[{"name":"wp","href":"https:\/\/api.w.org\/{rel}","templated":true}]}}