{"id":39276,"date":"2025-07-29T08:48:45","date_gmt":"2025-07-29T07:48:45","guid":{"rendered":"https:\/\/asisted.org\/blog\/formacio-en-maneig-segur-de-persones-garantint-una-cura-segura-i-adaptada\/"},"modified":"2026-02-17T13:03:59","modified_gmt":"2026-02-17T12:03:59","slug":"formacio-en-maneig-segur-de-persones-garantint-una-cura-segura-i-adaptada","status":"publish","type":"post","link":"https:\/\/asisted.org\/ca\/blog\/formacio-en-maneig-segur-de-persones-garantint-una-cura-segura-i-adaptada\/","title":{"rendered":"Formaci\u00f3 en Maneig Segur de Persones: garantint una cura segura i adaptada"},"content":{"rendered":"<p data-start=\"271\" data-end=\"658\"><strong data-start=\"274\" data-end=\"303\">El maneig segur de persones<\/strong> \u00e9s fonamental per oferir una cura de qualitat a la llar. A <a href=\"https:\/\/www.asisted.com\/\" target=\"_blank\" rel=\"noopener\"><strong data-start=\"370\" data-end=\"381\">ASISTED<\/strong><\/a>, creiem que per garantir una atenci\u00f3 domicili\u00e0ria segura, eficient i adaptada a les necessitats individuals, \u00e9s clau que tant els cuidadors professionals com els familiars estiguin ben formats i comptin amb eines pr\u00e0ctiques i coneixements espec\u00edfics.<\/p>\n<p data-start=\"660\" data-end=\"1107\">Els <strong data-start=\"663\" data-end=\"691\">dies 23 i 30 de juliol de 2025<\/strong> vam realitzar dues <strong data-start=\"708\" data-end=\"731\">sessions formatives<\/strong> dedicades al <strong data-start=\"745\" data-end=\"774\">maneig segur de persones<\/strong>, amb la col\u00b7laboraci\u00f3 de <strong data-start=\"799\" data-end=\"828\">Carles Salvad\u00f3 Escarram\u00e1n<\/strong>, diplomat i graduat en Fisioter\u00e0pia, i <a href=\"https:\/\/ortovalora.com.es\/\" target=\"_blank\" rel=\"noopener\"><strong data-start=\"870\" data-end=\"884\">Ortovalora<\/strong><\/a>. Durant aquestes sessions ens vam centrar en <strong data-start=\"927\" data-end=\"955\">t\u00e8cniques de mobilitzaci\u00f3<\/strong> i en el <strong data-start=\"958\" data-end=\"987\">maneig segur de persones<\/strong> en situacions de depend\u00e8ncia, amb l\u2019objectiu de reduir riscos tant per al cuidador com per a la persona atesa.<\/p>\n<div id='gallery-1' class='gallery galleryid-39276 gallery-columns-4 gallery-size-full'><figure class='gallery-item'>\n\t\t\t<div class='gallery-icon landscape'>\n\t\t\t\t<a href=\"https:\/\/asisted.org\/ca\/blog\/formacio-en-maneig-segur-de-persones-garantint-una-cura-segura-i-adaptada\/whatsapp-image-2025-07-30-at-14-19-19-1-2\/\"><img fetchpriority=\"high\" decoding=\"async\" width=\"1600\" height=\"714\" src=\"https:\/\/asisted.org\/wp-content\/uploads\/WhatsApp-Image-2025-07-30-at-14.19.19-1.jpeg\" class=\"attachment-full size-full\" alt=\"\" srcset=\"https:\/\/asisted.org\/wp-content\/uploads\/WhatsApp-Image-2025-07-30-at-14.19.19-1.jpeg 1600w, https:\/\/asisted.org\/wp-content\/uploads\/WhatsApp-Image-2025-07-30-at-14.19.19-1-300x134.jpeg 300w, https:\/\/asisted.org\/wp-content\/uploads\/WhatsApp-Image-2025-07-30-at-14.19.19-1-1024x457.jpeg 1024w, https:\/\/asisted.org\/wp-content\/uploads\/WhatsApp-Image-2025-07-30-at-14.19.19-1-768x343.jpeg 768w, https:\/\/asisted.org\/wp-content\/uploads\/WhatsApp-Image-2025-07-30-at-14.19.19-1-1536x685.jpeg 1536w\" sizes=\"(max-width: 1600px) 100vw, 1600px\" \/><\/a>\n\t\t\t<\/div><\/figure><figure class='gallery-item'>\n\t\t\t<div class='gallery-icon landscape'>\n\t\t\t\t<a href=\"https:\/\/asisted.org\/ca\/blog\/formacio-en-maneig-segur-de-persones-garantint-una-cura-segura-i-adaptada\/whatsapp-image-2025-07-30-at-15-45-57-2-2\/\"><img decoding=\"async\" width=\"1600\" height=\"714\" src=\"https:\/\/asisted.org\/wp-content\/uploads\/WhatsApp-Image-2025-07-30-at-15.45.57-2.jpeg\" class=\"attachment-full size-full\" alt=\"\" srcset=\"https:\/\/asisted.org\/wp-content\/uploads\/WhatsApp-Image-2025-07-30-at-15.45.57-2.jpeg 1600w, https:\/\/asisted.org\/wp-content\/uploads\/WhatsApp-Image-2025-07-30-at-15.45.57-2-300x134.jpeg 300w, https:\/\/asisted.org\/wp-content\/uploads\/WhatsApp-Image-2025-07-30-at-15.45.57-2-1024x457.jpeg 1024w, https:\/\/asisted.org\/wp-content\/uploads\/WhatsApp-Image-2025-07-30-at-15.45.57-2-768x343.jpeg 768w, https:\/\/asisted.org\/wp-content\/uploads\/WhatsApp-Image-2025-07-30-at-15.45.57-2-1536x685.jpeg 1536w\" sizes=\"(max-width: 1600px) 100vw, 1600px\" \/><\/a>\n\t\t\t<\/div><\/figure><figure class='gallery-item'>\n\t\t\t<div class='gallery-icon landscape'>\n\t\t\t\t<a href=\"https:\/\/asisted.org\/ca\/blog\/formacio-en-maneig-segur-de-persones-garantint-una-cura-segura-i-adaptada\/whatsapp-image-2025-07-30-at-15-45-57-1-2\/\"><img decoding=\"async\" width=\"1600\" height=\"714\" src=\"https:\/\/asisted.org\/wp-content\/uploads\/WhatsApp-Image-2025-07-30-at-15.45.57-1.jpeg\" class=\"attachment-full size-full\" alt=\"\" srcset=\"https:\/\/asisted.org\/wp-content\/uploads\/WhatsApp-Image-2025-07-30-at-15.45.57-1.jpeg 1600w, https:\/\/asisted.org\/wp-content\/uploads\/WhatsApp-Image-2025-07-30-at-15.45.57-1-300x134.jpeg 300w, https:\/\/asisted.org\/wp-content\/uploads\/WhatsApp-Image-2025-07-30-at-15.45.57-1-1024x457.jpeg 1024w, https:\/\/asisted.org\/wp-content\/uploads\/WhatsApp-Image-2025-07-30-at-15.45.57-1-768x343.jpeg 768w, https:\/\/asisted.org\/wp-content\/uploads\/WhatsApp-Image-2025-07-30-at-15.45.57-1-1536x685.jpeg 1536w\" sizes=\"(max-width: 1600px) 100vw, 1600px\" \/><\/a>\n\t\t\t<\/div><\/figure><figure class='gallery-item'>\n\t\t\t<div class='gallery-icon landscape'>\n\t\t\t\t<a href=\"https:\/\/asisted.org\/ca\/blog\/formacio-en-maneig-segur-de-persones-garantint-una-cura-segura-i-adaptada\/whatsapp-image-2025-07-30-at-19-59-48-3-2\/\"><img loading=\"lazy\" decoding=\"async\" width=\"890\" height=\"890\" src=\"https:\/\/asisted.org\/wp-content\/uploads\/WhatsApp-Image-2025-07-30-at-19.59.48-3-e1766479567824.jpeg\" class=\"attachment-full size-full\" alt=\"\" srcset=\"https:\/\/asisted.org\/wp-content\/uploads\/WhatsApp-Image-2025-07-30-at-19.59.48-3-e1766479567824.jpeg 890w, https:\/\/asisted.org\/wp-content\/uploads\/WhatsApp-Image-2025-07-30-at-19.59.48-3-e1766479567824-300x300.jpeg 300w, https:\/\/asisted.org\/wp-content\/uploads\/WhatsApp-Image-2025-07-30-at-19.59.48-3-e1766479567824-150x150.jpeg 150w, https:\/\/asisted.org\/wp-content\/uploads\/WhatsApp-Image-2025-07-30-at-19.59.48-3-e1766479567824-768x768.jpeg 768w\" sizes=\"(max-width: 890px) 100vw, 890px\" \/><\/a>\n\t\t\t<\/div><\/figure>\n\t\t<\/div>\n\n<h2 data-section-id=\"o7v0hz\" data-start=\"1109\" data-end=\"1169\">Per qu\u00e8 \u00e9s important el maneig segur de persones?<\/h2>\n<p data-start=\"1171\" data-end=\"1624\">El <strong data-start=\"1174\" data-end=\"1203\">maneig segur de persones<\/strong> no \u00e9s nom\u00e9s una t\u00e8cnica f\u00edsica; \u00e9s una part integral d\u2019un model de cura que prioritza la <strong data-start=\"1297\" data-end=\"1310\">seguretat<\/strong>, la <strong data-start=\"1315\" data-end=\"1327\">dignitat<\/strong> i el <strong data-start=\"1333\" data-end=\"1346\">benestar<\/strong> de les persones. Tant si es tracta de facilitar la mobilitzaci\u00f3 d\u2019una persona amb mobilitat redu\u00efda com d\u2019assegurar la correcta administraci\u00f3 de la medicaci\u00f3, l\u2019enfocament adequat i la formaci\u00f3 correcta s\u00f3n fonamentals per prevenir lesions i promoure una cura m\u00e9s efectiva.<\/p>\n<p data-start=\"1626\" data-end=\"1891\">Aquesta formaci\u00f3 permet als cuidadors aprendre <strong data-start=\"1675\" data-end=\"1762\">t\u00e8cniques adequades d\u2019aixecament, trasllats i \u00fas de dispositius d\u2019assist\u00e8ncia<\/strong>. Alhora, \u00e9s essencial per fomentar la <strong data-start=\"1803\" data-end=\"1816\">autonomia<\/strong> de la persona atesa, respectant els seus l\u00edmits i promovent el seu benestar.<\/p>\n<h3 data-section-id=\"1i3m2fv\" data-start=\"1893\" data-end=\"1960\">Qu\u00e8 vam aprendre a la formaci\u00f3 en maneig segur de persones?<\/h3>\n<ul data-start=\"1962\" data-end=\"2490\">\n<li data-start=\"1962\" data-end=\"2107\">\n<p data-start=\"1964\" data-end=\"2107\"><strong data-start=\"1964\" data-end=\"1989\">Mobilitzaci\u00f3 adequada<\/strong>: t\u00e8cniques per traslladar la persona de manera segura, evitant lesions tant per al cuidador com per a la persona.<\/p>\n<\/li>\n<li data-start=\"2108\" data-end=\"2257\">\n<p data-start=\"2110\" data-end=\"2257\"><strong data-start=\"2110\" data-end=\"2147\">\u00das de dispositius d\u2019assist\u00e8ncia<\/strong>: formaci\u00f3 en l\u2019\u00fas correcte de grues, cadires de rodes i altres dispositius de mobilitat.<\/p>\n<\/li>\n<li data-start=\"2258\" data-end=\"2379\">\n<p data-start=\"2260\" data-end=\"2379\"><strong data-start=\"2260\" data-end=\"2295\">Prevenci\u00f3 de caigudes i lesions<\/strong>: estrat\u00e8gies per evitar accidents a la llar i millorar la seguretat de l\u2019entorn.<\/p>\n<\/li>\n<li data-start=\"2380\" data-end=\"2490\">\n<p data-start=\"2382\" data-end=\"2490\"><strong data-start=\"2382\" data-end=\"2402\">Cura integral<\/strong>: com integrar la seguretat f\u00edsica amb el respecte a la dignitat de la persona atesa.<\/p>\n<\/li>\n<\/ul>\n<h3 data-section-id=\"zgtg2x\" data-start=\"2492\" data-end=\"2555\">Beneficis de formar-se en maneig segur de persones<\/h3>\n<ul data-start=\"2557\" data-end=\"3120\">\n<li data-start=\"2557\" data-end=\"2696\">\n<p data-start=\"2559\" data-end=\"2696\"><strong data-start=\"2559\" data-end=\"2582\">Millora la seguretat<\/strong>: en aprendre les t\u00e8cniques correctes, es redueixen els riscos tant per al cuidador com per a la persona atesa.<\/p>\n<\/li>\n<li data-start=\"2697\" data-end=\"2838\">\n<p data-start=\"2699\" data-end=\"2838\"><strong data-start=\"2699\" data-end=\"2723\">Augmenta la confian\u00e7a<\/strong>: els cuidadors se senten m\u00e9s segurs en aplicar les t\u00e8cniques apreses, cosa que millora el seu rendiment i benestar.<\/p>\n<\/li>\n<li data-start=\"2839\" data-end=\"2971\">\n<p data-start=\"2841\" data-end=\"2971\"><strong data-start=\"2841\" data-end=\"2866\">Promou l\u2019autonomia<\/strong>: una cura adequada fomenta la independ\u00e8ncia de la persona atesa, donant-li m\u00e9s control sobre la seva vida.<\/p>\n<\/li>\n<li data-start=\"2972\" data-end=\"3120\">\n<p data-start=\"2974\" data-end=\"3120\"><strong data-start=\"2974\" data-end=\"3007\">Assegura un entorn m\u00e9s segur<\/strong>: la formaci\u00f3 permet identificar i eliminar riscos dins de la llar, creant un espai m\u00e9s segur per a tothom.<\/p>\n<\/li>\n<\/ul>\n<h3 data-section-id=\"1n67407\" data-start=\"3122\" data-end=\"3188\">Vols saber m\u00e9s sobre les nostres formacions i recursos per a persones cuidadores?<\/h3>\n<p data-start=\"163\" data-end=\"640\">A <strong data-start=\"166\" data-end=\"177\">ASISTED<\/strong>, no nom\u00e9s oferim formaci\u00f3 especialitzada, sin\u00f3 tamb\u00e9 <strong data-start=\"235\" data-end=\"262\">eines i recursos<\/strong> clau per millorar la cura de les persones en situaci\u00f3 de vulnerabilitat i\/o depend\u00e8ncia. El nostre comprom\u00eds amb la <strong data-start=\"383\" data-end=\"409\">qualitat de l\u2019atenci\u00f3<\/strong> va m\u00e9s enll\u00e0 de la formaci\u00f3, assegurant que tant els <strong data-start=\"464\" data-end=\"492\">cuidadors professionals<\/strong> com els <strong data-start=\"502\" data-end=\"516\">familiars<\/strong> tinguin acc\u00e9s als <strong data-start=\"537\" data-end=\"554\">coneixements<\/strong> i als <strong data-start=\"557\" data-end=\"567\">suports<\/strong> necessaris per oferir una atenci\u00f3 <strong data-start=\"605\" data-end=\"639\">segura, efica\u00e7 i personalitzada<\/strong>.<\/p>\n<p data-start=\"642\" data-end=\"1038\">Aquestes sessions de <strong data-start=\"645\" data-end=\"687\">formaci\u00f3 en maneig segur de persones<\/strong> s\u00f3n nom\u00e9s un dels elements que contribueixen a garantir la <strong data-start=\"749\" data-end=\"762\">seguretat<\/strong> i el <strong data-start=\"768\" data-end=\"781\">benestar<\/strong> de totes les persones implicades en la cura domicili\u00e0ria. Un equip ben format i recolzat per les eines adequades \u00e9s essencial per oferir una atenci\u00f3 sempre centrada en la persona i adaptada a les seves necessitats.<\/p>\n<p data-start=\"1040\" data-end=\"1221\">Si vols m\u00e9s informaci\u00f3 sobre els nostres programes de formaci\u00f3, recursos i serveis de suport, <strong data-start=\"1136\" data-end=\"1151\">contacta amb nosaltres<\/strong> per saber com et podem ajudar a millorar l\u2019atenci\u00f3 que ofereixes.<\/p>\n","protected":false},"excerpt":{"rendered":"<p>El maneig segur de persones \u00e9s fonamental per oferir una cura de qualitat a la llar. A ASISTED, creiem que per garantir una atenci\u00f3 domicili\u00e0ria segura, eficient i adaptada a les necessitats individuals, \u00e9s clau que tant els cuidadors professionals com els familiars estiguin ben formats i comptin amb eines pr\u00e0ctiques i coneixements espec\u00edfics. Els [&hellip;]<\/p>\n","protected":false},"author":6,"featured_media":39278,"comment_status":"closed","ping_status":"closed","sticky":false,"template":"","format":"standard","meta":{"_acf_changed":false,"footnotes":""},"categories":[279,285],"tags":[287,271,288,286],"class_list":["post-39276","post","type-post","status-publish","format-standard","has-post-thumbnail","hentry","category-asisted","category-assistencia-a-persones","tag-dependencia","tag-formacio","tag-mobilitat","tag-persones"],"acf":[],"_links":{"self":[{"href":"https:\/\/asisted.org\/ca\/wp-json\/wp\/v2\/posts\/39276","targetHints":{"allow":["GET"]}}],"collection":[{"href":"https:\/\/asisted.org\/ca\/wp-json\/wp\/v2\/posts"}],"about":[{"href":"https:\/\/asisted.org\/ca\/wp-json\/wp\/v2\/types\/post"}],"author":[{"embeddable":true,"href":"https:\/\/asisted.org\/ca\/wp-json\/wp\/v2\/users\/6"}],"replies":[{"embeddable":true,"href":"https:\/\/asisted.org\/ca\/wp-json\/wp\/v2\/comments?post=39276"}],"version-history":[{"count":1,"href":"https:\/\/asisted.org\/ca\/wp-json\/wp\/v2\/posts\/39276\/revisions"}],"predecessor-version":[{"id":39589,"href":"https:\/\/asisted.org\/ca\/wp-json\/wp\/v2\/posts\/39276\/revisions\/39589"}],"wp:featuredmedia":[{"embeddable":true,"href":"https:\/\/asisted.org\/ca\/wp-json\/wp\/v2\/media\/39278"}],"wp:attachment":[{"href":"https:\/\/asisted.org\/ca\/wp-json\/wp\/v2\/media?parent=39276"}],"wp:term":[{"taxonomy":"category","embeddable":true,"href":"https:\/\/asisted.org\/ca\/wp-json\/wp\/v2\/categories?post=39276"},{"taxonomy":"post_tag","embeddable":true,"href":"https:\/\/asisted.org\/ca\/wp-json\/wp\/v2\/tags?post=39276"}],"curies":[{"name":"wp","href":"https:\/\/api.w.org\/{rel}","templated":true}]}}