{"id":39269,"date":"2025-09-18T14:39:38","date_gmt":"2025-09-18T13:39:38","guid":{"rendered":"https:\/\/asisted.org\/blog\/cafes-amb-el-president-un-espai-descolta-i-proximitat\/"},"modified":"2026-02-17T13:03:54","modified_gmt":"2026-02-17T12:03:54","slug":"cafes-amb-el-president-un-espai-descolta-i-proximitat","status":"publish","type":"post","link":"https:\/\/asisted.org\/ca\/blog\/cafes-amb-el-president-un-espai-descolta-i-proximitat\/","title":{"rendered":"Caf\u00e8s amb el President: un espai d\u2019escolta i proximitat"},"content":{"rendered":"<p>En <a href=\"https:\/\/asisted.com\/\" target=\"_blank\" rel=\"noopener\">ASISTED<\/a> creiem que les millors idees neixen de converses sinceres i properes. Amb aquesta filosofia van n\u00e9ixer els <strong>\u201cCaf\u00e8s amb el President\u201d<\/strong>, una iniciativa pensada per obrir un <strong>espai de di\u00e0leg directe<\/strong> entre Gabriel Calzado, fundador i president de l\u2019entitat, i les persones que formen part de l\u2019equip.<\/p>\n<p><!--more--> <img fetchpriority=\"high\" decoding=\"async\" class=\"wp-image-37267 aligncenter\" src=\"https:\/\/asisted.org\/wp-content\/uploads\/WhatsApp-Image-2025-06-18-at-19.01.03-3.jpeg\" alt=\"\" width=\"662\" height=\"496\" \/> <\/p>\n<h2><strong>Un espai de proximitat per compartir experi\u00e8ncies i inquietuds<\/strong><\/h2>\n<p> El format \u00e9s senzill: petites trobades en un ambient dist\u00e8s, on <strong>el m\u00e9s important \u00e9s la proximitat<\/strong>. Es tracta de deixar de banda la formalitat de les reunions habituals i donar pas a l\u2019<strong>escolta activa<\/strong>, creant un clima en qu\u00e8 cada membre del nostre equip pugui <strong>expressar-se amb llibertat<\/strong>.<\/p>\n<p>Durant aquestes trobades <strong>han sorgit reflexions molt valuoses<\/strong>: des de necessitats del dia a dia fins a propostes de millora, passant per noves idees i preocupacions personals o col\u00b7lectives. Aquestes trobades informals s\u2019han convertit en un veritable exemple de <strong>lideratge proper i participatiu<\/strong>.<\/p>\n<h2><strong>Construint comunitat i confian\u00e7a<\/strong><\/h2>\n<p> Els caf\u00e8s no s\u00f3n nom\u00e9s un moment de conversa; s\u00f3n una manera de refor\u00e7ar la <strong>transpar\u00e8ncia, la confian\u00e7a i la comunicaci\u00f3 interna<\/strong>. El fet de poder compartir inquietuds directament amb la presid\u00e8ncia genera un vincle m\u00e9s fort entre els diferents departaments, refor\u00e7ant el sentiment de comunitat i pertinen\u00e7a.<\/p>\n<p>Fins ara, els \u201cCaf\u00e8s amb el President\u201d s\u2019han celebrat de manera di\u00e0ria, arribant pr\u00e0cticament a tots els membres de l\u2019equip. <em>A partir d\u2019ara, la iniciativa continuar\u00e0 amb un format m\u00e9s espaiat en el temps, per\u00f2 recurrent, mantenint l\u2019ess\u00e8ncia de proximitat i escolta<\/em>. Ser\u00e0 una manera de continuar creixent plegats, consolidant all\u00f2 apr\u00e8s i assegurant que aquest canal de comunicaci\u00f3 continu\u00ef viu i actiu.<\/p>\n<p>En definitiva, els <strong>Caf\u00e8s amb el President<\/strong> ja s\u00f3n un s\u00edmbol del nostre comprom\u00eds amb la <strong>participaci\u00f3<\/strong>, l\u2019<strong>escolta activa<\/strong> i la construcci\u00f3 d\u2019una <strong>cultura organitzativa oberta i humana<\/strong>. Una mostra clara de com la <strong>comunicaci\u00f3 interna en entitats socials<\/strong> pot convertir-se en motor de confian\u00e7a, innovaci\u00f3 i creixement.<\/p>\n","protected":false},"excerpt":{"rendered":"<p>En ASISTED creiem que les millors idees neixen de converses sinceres i properes. Amb aquesta filosofia van n\u00e9ixer els \u201cCaf\u00e8s amb el President\u201d, una iniciativa pensada per obrir un espai de di\u00e0leg directe entre Gabriel Calzado, fundador i president de l\u2019entitat, i les persones que formen part de l\u2019equip.<\/p>\n","protected":false},"author":6,"featured_media":39272,"comment_status":"closed","ping_status":"closed","sticky":false,"template":"","format":"standard","meta":{"_acf_changed":false,"footnotes":""},"categories":[279],"tags":[282,284,283],"class_list":["post-39269","post","type-post","status-publish","format-standard","has-post-thumbnail","hentry","category-asisted","tag-asisted","tag-cafes-amb-el-president","tag-equip"],"acf":[],"_links":{"self":[{"href":"https:\/\/asisted.org\/ca\/wp-json\/wp\/v2\/posts\/39269","targetHints":{"allow":["GET"]}}],"collection":[{"href":"https:\/\/asisted.org\/ca\/wp-json\/wp\/v2\/posts"}],"about":[{"href":"https:\/\/asisted.org\/ca\/wp-json\/wp\/v2\/types\/post"}],"author":[{"embeddable":true,"href":"https:\/\/asisted.org\/ca\/wp-json\/wp\/v2\/users\/6"}],"replies":[{"embeddable":true,"href":"https:\/\/asisted.org\/ca\/wp-json\/wp\/v2\/comments?post=39269"}],"version-history":[{"count":1,"href":"https:\/\/asisted.org\/ca\/wp-json\/wp\/v2\/posts\/39269\/revisions"}],"predecessor-version":[{"id":39588,"href":"https:\/\/asisted.org\/ca\/wp-json\/wp\/v2\/posts\/39269\/revisions\/39588"}],"wp:featuredmedia":[{"embeddable":true,"href":"https:\/\/asisted.org\/ca\/wp-json\/wp\/v2\/media\/39272"}],"wp:attachment":[{"href":"https:\/\/asisted.org\/ca\/wp-json\/wp\/v2\/media?parent=39269"}],"wp:term":[{"taxonomy":"category","embeddable":true,"href":"https:\/\/asisted.org\/ca\/wp-json\/wp\/v2\/categories?post=39269"},{"taxonomy":"post_tag","embeddable":true,"href":"https:\/\/asisted.org\/ca\/wp-json\/wp\/v2\/tags?post=39269"}],"curies":[{"name":"wp","href":"https:\/\/api.w.org\/{rel}","templated":true}]}}