{"id":39267,"date":"2025-09-29T08:34:06","date_gmt":"2025-09-29T07:34:06","guid":{"rendered":"https:\/\/asisted.org\/blog\/aixi-funcionen-els-nostres-grups-de-suport-per-a-persones-cuidadores\/"},"modified":"2026-02-17T13:03:47","modified_gmt":"2026-02-17T12:03:47","slug":"aixi-funcionen-els-nostres-grups-de-suport-per-a-persones-cuidadores","status":"publish","type":"post","link":"https:\/\/asisted.org\/ca\/blog\/aixi-funcionen-els-nostres-grups-de-suport-per-a-persones-cuidadores\/","title":{"rendered":"Aix\u00ed funcionen els nostres Grups de Suport per a Persones Cuidadores"},"content":{"rendered":"<p>En <a href=\"http:\/\/www.asisted.com\" target=\"_blank\" rel=\"noopener\">ASISTED <\/a>creiem que cuidar tamb\u00e9 implica <strong>acompanyar les persones que cuiden<\/strong>. Per aix\u00f2, els Grups de Suport per a Persones Cuidadores s\u2019han consolidat com una iniciativa clau dins dels <a href=\"https:\/\/asisted.org\/que-hacemos\/\" target=\"_blank\" rel=\"noopener\">nostres serveis assistencials<\/a>. Actualment comptem amb 5 grups actius que es reuneixen cada mes, creant un espai de confian\u00e7a, escolta i aprenentatge compartit.<\/p>\n<p><!--more--><\/p>\n<p>M\u00e9s enll\u00e0 de la informaci\u00f3 i la pr\u00e0ctica del dia a dia, aquests grups ofereixen un valor \u00fanic: <strong>sentir-se part d\u2019una comunitat que ent\u00e9n qu\u00e8 significa cuidar<\/strong>.<\/p>\n<h2><strong>Qu\u00e8 s\u00f3n els grups de suport per a cuidadors i cuidadores?<\/strong><\/h2>\n<p> S\u00f3n trobades regulars, guiades per professionals, on els cuidadors i cuidadores poden: <\/p>\n<ul>\n<li>Compartir experi\u00e8ncies i preocupacions<\/li>\n<li>Rebre orientaci\u00f3 emocional i pr\u00e0ctica<\/li>\n<li>Crear un espai de confian\u00e7a i escolta m\u00fatua<\/li>\n<\/ul>\n<p> Aquestes trobades esdevenen un suport constant que ajuda a afrontar els reptes de la cura amb menys c\u00e0rrega i m\u00e9s acompanyament. <\/p>\n<h3><strong>5 beneficis dels grups de suport per a cuidadors<\/strong><\/h3>\n<p> Participar en un grup de suport ofereix avantatges que van m\u00e9s enll\u00e0 del moment de la trobada: <\/p>\n<ul>\n<li><strong>Reducci\u00f3 de l\u2019a\u00efllament<\/strong> \u2192 Sentir-se acompanyat i compr\u00e8s<\/li>\n<li><strong>Benestar emocional<\/strong> \u2192 Aprendre a gestionar l\u2019estr\u00e8s i l\u2019ansietat que sovint comporta la cura<\/li>\n<li><strong>Aprenentatge compartit<\/strong> \u2192 Incorporar consells, estrat\u00e8gies i bones pr\u00e0ctiques d\u2019altres persones cuidadores<\/li>\n<li><strong>Integraci\u00f3 a la comunitat<\/strong> \u2192 Generar vincles que perduren en el temps<\/li>\n<li><strong>Acc\u00e9s a recursos<\/strong> \u2192 Descobrir eines, programes i altres serveis assistencials que ofereix la nostra entitat.<\/li>\n<\/ul>\n<h3><strong>Cuidar tamb\u00e9 significa cuidar-se<\/strong><\/h3>\n<p> Sovint, els cuidadors familiars posen tota la seva energia en la persona a qui atenen, prioritzant el seu benestar per davant del propi. Els Grups de Suport recorden la import\u00e0ncia de reservar un espai per a un mateix, des d\u2019on recuperar forces i continuar amb m\u00e9s serenitat.<\/p>\n<p>L\u2019acompanyament mutu esdev\u00e9 una eina de salut que permet <strong>compartir experi\u00e8ncies, validar emocions i renovar l\u2019energia per continuar cuidant amb m\u00e9s benestar<\/strong>.<\/p>\n<h2><strong>Com participar en els grups de suport<\/strong><\/h2>\n<p> Els grups estan oberts a cuidadors i cuidadores vinculats a la <u>entitat<\/u>. La din\u00e0mica \u00e9s mensual i est\u00e0 facilitada pel nostre equip professional, especialitzat en <strong>serveis assistencials<\/strong> i en l\u2019acompanyament tant de les persones en situaci\u00f3 de depend\u00e8ncia o vulnerabilitat com de qui les cuida.<\/p>\n<p>Si vols m\u00e9s informaci\u00f3 sobre com unir-te a un grup de suport per a cuidadors, pots <strong><u>contactar amb nosaltres aqu\u00ed<\/u>.<\/strong><\/p>\n<p>Els Grups de Suport per a Persones Cuidadores s\u00f3n molt m\u00e9s que una iniciativa. Representen <strong>una xarxa d\u2019acompanyament que refor\u00e7a la vida comunit\u00e0ria, la salut emocional i el benestar<\/strong> de les persones que cada dia cuiden.<\/p>\n<p>Continuarem impulsant aquestes iniciatives, conven\u00e7uts que <strong>acompanyar i dignificar les persones que cuiden \u00e9s la millor manera de cuidar les persones<\/strong>.<\/p>\n<p style=\"text-align: center;\"><img fetchpriority=\"high\" decoding=\"async\" class=\"alignnone wp-image-37308\" src=\"https:\/\/asisted.org\/wp-content\/uploads\/WhatsApp-Image-2025-09-22-at-17.52.07-1.jpeg\" alt=\"\" width=\"551\" height=\"413\" \/><\/p>\n","protected":false},"excerpt":{"rendered":"<p>En ASISTED creiem que cuidar tamb\u00e9 implica acompanyar les persones que cuiden. Per aix\u00f2, els Grups de Suport per a Persones Cuidadores s\u2019han consolidat com una iniciativa clau dins dels nostres serveis assistencials. Actualment comptem amb 5 grups actius que es reuneixen cada mes, creant un espai de confian\u00e7a, escolta i aprenentatge compartit.<\/p>\n","protected":false},"author":6,"featured_media":39268,"comment_status":"closed","ping_status":"closed","sticky":false,"template":"","format":"standard","meta":{"_acf_changed":false,"footnotes":""},"categories":[279],"tags":[280,281,274],"class_list":["post-39267","post","type-post","status-publish","format-standard","has-post-thumbnail","hentry","category-asisted","tag-acompanyament","tag-grups-de-suport","tag-personas-cuidadoras"],"acf":[],"_links":{"self":[{"href":"https:\/\/asisted.org\/ca\/wp-json\/wp\/v2\/posts\/39267","targetHints":{"allow":["GET"]}}],"collection":[{"href":"https:\/\/asisted.org\/ca\/wp-json\/wp\/v2\/posts"}],"about":[{"href":"https:\/\/asisted.org\/ca\/wp-json\/wp\/v2\/types\/post"}],"author":[{"embeddable":true,"href":"https:\/\/asisted.org\/ca\/wp-json\/wp\/v2\/users\/6"}],"replies":[{"embeddable":true,"href":"https:\/\/asisted.org\/ca\/wp-json\/wp\/v2\/comments?post=39267"}],"version-history":[{"count":1,"href":"https:\/\/asisted.org\/ca\/wp-json\/wp\/v2\/posts\/39267\/revisions"}],"predecessor-version":[{"id":39587,"href":"https:\/\/asisted.org\/ca\/wp-json\/wp\/v2\/posts\/39267\/revisions\/39587"}],"wp:featuredmedia":[{"embeddable":true,"href":"https:\/\/asisted.org\/ca\/wp-json\/wp\/v2\/media\/39268"}],"wp:attachment":[{"href":"https:\/\/asisted.org\/ca\/wp-json\/wp\/v2\/media?parent=39267"}],"wp:term":[{"taxonomy":"category","embeddable":true,"href":"https:\/\/asisted.org\/ca\/wp-json\/wp\/v2\/categories?post=39267"},{"taxonomy":"post_tag","embeddable":true,"href":"https:\/\/asisted.org\/ca\/wp-json\/wp\/v2\/tags?post=39267"}],"curies":[{"name":"wp","href":"https:\/\/api.w.org\/{rel}","templated":true}]}}