{"id":39262,"date":"2025-10-20T10:35:19","date_gmt":"2025-10-20T09:35:19","guid":{"rendered":"https:\/\/asisted.org\/blog\/nova-sessio-formativa-sobre-cures-i-maneig-de-dispositius-sanitaris-en-pacients-en-situacio-de-dependencia\/"},"modified":"2025-10-20T10:35:19","modified_gmt":"2025-10-20T09:35:19","slug":"nova-sessio-formativa-sobre-cures-i-maneig-de-dispositius-sanitaris-en-pacients-en-situacio-de-dependencia","status":"publish","type":"post","link":"https:\/\/asisted.org\/ca\/blog\/nova-sessio-formativa-sobre-cures-i-maneig-de-dispositius-sanitaris-en-pacients-en-situacio-de-dependencia\/","title":{"rendered":"Nova sessi\u00f3 formativa sobre cures i maneig de dispositius sanitaris en pacients en situaci\u00f3 de depend\u00e8ncia"},"content":{"rendered":"<p>Primera sessi\u00f3 completada amb \u00e8xit a ASISTED Barcelona<\/em><\/p>\n<p>Aquesta setmana hem donat inici a la formaci\u00f3 <strong>\u201cCures i maneig de dispositius sanitaris en persones en situaci\u00f3 de depend\u00e8ncia\u201d<\/strong>, adre\u00e7ada a professionals de l\u2019\u00e0mbit assistencial. La jornada s\u2019ha desenvolupat en un entorn participatiu i pr\u00e0ctic, amb un enfocament centrat en la millora cont\u00ednua de l\u2019atenci\u00f3 i la seguretat de les persones ateses.<\/p>\n<p>Aquesta formaci\u00f3, impartida a l\u2019<strong>aula de formaci\u00f3 d\u2019ASISTED Barcelona<\/strong>, consta de <strong>quatre sessions<\/strong> que es realitzen els <strong>dimecres a la tarda<\/strong> i t\u00e9 com a objectiu refor\u00e7ar els coneixements t\u00e8cnics i les compet\u00e8ncies del personal cuidador en l\u2019\u00fas i el manteniment de dispositius sanitaris.<\/p>\n<p>El programa es desenvolupa en col\u00b7laboraci\u00f3 amb la <strong>Fundaci\u00f3 Pere Tarr\u00e9s<\/strong> i compta amb el suport de la <strong>Generalitat de Catalunya<\/strong>, en el marc dels <strong>programes subvencionats \u201cCONVO 25-26\u201d<\/strong>.<\/p>\n<p>Amb iniciatives com aquesta, ASISTED reafirma el seu comprom\u00eds amb la <strong>formaci\u00f3 cont\u00ednua<\/strong>, la <strong>professionalitzaci\u00f3 del sector assistencial<\/strong> i la <strong>millora de la qualitat de les cures<\/strong>.<\/p>\n","protected":false},"excerpt":{"rendered":"<p>Primera sessi\u00f3 completada amb \u00e8xit a ASISTED Barcelona Aquesta setmana hem donat inici a la formaci\u00f3 \u201cCures i maneig de dispositius sanitaris en persones en situaci\u00f3 de depend\u00e8ncia\u201d, adre\u00e7ada a professionals de l\u2019\u00e0mbit assistencial. La jornada s\u2019ha desenvolupat en un entorn participatiu i pr\u00e0ctic, amb un enfocament centrat en la millora cont\u00ednua de l\u2019atenci\u00f3 i [&hellip;]<\/p>\n","protected":false},"author":4,"featured_media":39266,"comment_status":"closed","ping_status":"closed","sticky":false,"template":"","format":"standard","meta":{"_acf_changed":false,"footnotes":""},"categories":[269],"tags":[278,271,274],"class_list":["post-39262","post","type-post","status-publish","format-standard","has-post-thumbnail","hentry","category-formacions","tag-dispositius-sanitaris","tag-formacio","tag-personas-cuidadoras"],"acf":[],"_links":{"self":[{"href":"https:\/\/asisted.org\/ca\/wp-json\/wp\/v2\/posts\/39262","targetHints":{"allow":["GET"]}}],"collection":[{"href":"https:\/\/asisted.org\/ca\/wp-json\/wp\/v2\/posts"}],"about":[{"href":"https:\/\/asisted.org\/ca\/wp-json\/wp\/v2\/types\/post"}],"author":[{"embeddable":true,"href":"https:\/\/asisted.org\/ca\/wp-json\/wp\/v2\/users\/4"}],"replies":[{"embeddable":true,"href":"https:\/\/asisted.org\/ca\/wp-json\/wp\/v2\/comments?post=39262"}],"version-history":[{"count":0,"href":"https:\/\/asisted.org\/ca\/wp-json\/wp\/v2\/posts\/39262\/revisions"}],"wp:featuredmedia":[{"embeddable":true,"href":"https:\/\/asisted.org\/ca\/wp-json\/wp\/v2\/media\/39266"}],"wp:attachment":[{"href":"https:\/\/asisted.org\/ca\/wp-json\/wp\/v2\/media?parent=39262"}],"wp:term":[{"taxonomy":"category","embeddable":true,"href":"https:\/\/asisted.org\/ca\/wp-json\/wp\/v2\/categories?post=39262"},{"taxonomy":"post_tag","embeddable":true,"href":"https:\/\/asisted.org\/ca\/wp-json\/wp\/v2\/tags?post=39262"}],"curies":[{"name":"wp","href":"https:\/\/api.w.org\/{rel}","templated":true}]}}