{"id":39258,"date":"2025-10-23T11:02:15","date_gmt":"2025-10-23T10:02:15","guid":{"rendered":"https:\/\/asisted.org\/blog\/formacio-en-atencio-integral-i-mediacio-a-les-cures-etica-empatia-i-professionalitat\/"},"modified":"2025-10-23T11:02:15","modified_gmt":"2025-10-23T10:02:15","slug":"formacio-en-atencio-integral-i-mediacio-a-les-cures-etica-empatia-i-professionalitat","status":"publish","type":"post","link":"https:\/\/asisted.org\/ca\/blog\/formacio-en-atencio-integral-i-mediacio-a-les-cures-etica-empatia-i-professionalitat\/","title":{"rendered":"Formaci\u00f3 en atenci\u00f3 integral i mediaci\u00f3 a les cures: \u00e8tica, empatia i professionalitat"},"content":{"rendered":"<p data-start=\"339\" data-end=\"637\">A <a href=\"https:\/\/asisted.org\/ca\/\" target=\"_blank\" rel=\"noopener\">ASISTED<\/a> creiem que cuidar tamb\u00e9 implica <strong data-start=\"385\" data-end=\"429\">aprendre, reflexionar i millorar cada dia<\/strong>. Per aix\u00f2 impulsem programes de <strong data-start=\"463\" data-end=\"510\">formaci\u00f3 cont\u00ednua per a persones cuidadores<\/strong>, orientats a enfortir les compet\u00e8ncies professionals i \u00e8tiques necess\u00e0ries per oferir una atenci\u00f3 integral i de qualitat.<\/p>\n<p data-start=\"639\" data-end=\"922\">Recentment, al nostre <strong data-start=\"665\" data-end=\"700\">centre d\u2019atenci\u00f3 de Tarragona<\/strong>, s\u2019ha dut a terme l\u2019acci\u00f3 formativa <em data-start=\"743\" data-end=\"884\">\u201cClaus pr\u00e0ctiques per a l\u2019atenci\u00f3 integral, la resoluci\u00f3 d\u2019incid\u00e8ncies i la mediaci\u00f3 en les cures de persones en situaci\u00f3 de depend\u00e8ncia\u201d<\/em>, impartida per la <a href=\"https:\/\/www.gentis.org\/\" target=\"_blank\" rel=\"noopener\"><strong data-start=\"801\" data-end=\"820\">Fundaci\u00f3 Gentis<\/strong><\/a>.<\/p>\n<blockquote data-start=\"924\" data-end=\"1067\">\n<p data-start=\"926\" data-end=\"1067\">\u201cCada gest de cura marca la difer\u00e8ncia en la vida de les persones. Cuidar tamb\u00e9 \u00e9s escoltar, respectar i actuar amb consci\u00e8ncia \u00e8tica.\u201d<\/p>\n<\/blockquote>\n<div id='gallery-1' class='gallery galleryid-39258 gallery-columns-2 gallery-size-full'><figure class='gallery-item'>\n\t\t\t<div class='gallery-icon portrait'>\n\t\t\t\t<a href=\"https:\/\/asisted.org\/ca\/blog\/formacio-en-atencio-integral-i-mediacio-a-les-cures-etica-empatia-i-professionalitat\/whatsapp-image-2025-10-22-at-15-18-14-1-2\/\"><img fetchpriority=\"high\" decoding=\"async\" width=\"714\" height=\"1260\" src=\"https:\/\/asisted.org\/wp-content\/uploads\/WhatsApp-Image-2025-10-22-at-15.18.14-1.jpeg\" class=\"attachment-full size-full\" alt=\"\" srcset=\"https:\/\/asisted.org\/wp-content\/uploads\/WhatsApp-Image-2025-10-22-at-15.18.14-1.jpeg 714w, https:\/\/asisted.org\/wp-content\/uploads\/WhatsApp-Image-2025-10-22-at-15.18.14-1-170x300.jpeg 170w, https:\/\/asisted.org\/wp-content\/uploads\/WhatsApp-Image-2025-10-22-at-15.18.14-1-580x1024.jpeg 580w\" sizes=\"(max-width: 714px) 100vw, 714px\" \/><\/a>\n\t\t\t<\/div><\/figure><figure class='gallery-item'>\n\t\t\t<div class='gallery-icon portrait'>\n\t\t\t\t<a href=\"https:\/\/asisted.org\/ca\/blog\/formacio-en-atencio-integral-i-mediacio-a-les-cures-etica-empatia-i-professionalitat\/whatsapp-image-2025-10-22-at-15-18-14-2\/\"><img decoding=\"async\" width=\"714\" height=\"1286\" src=\"https:\/\/asisted.org\/wp-content\/uploads\/WhatsApp-Image-2025-10-22-at-15.18.14.jpeg\" class=\"attachment-full size-full\" alt=\"\" srcset=\"https:\/\/asisted.org\/wp-content\/uploads\/WhatsApp-Image-2025-10-22-at-15.18.14.jpeg 714w, https:\/\/asisted.org\/wp-content\/uploads\/WhatsApp-Image-2025-10-22-at-15.18.14-167x300.jpeg 167w, https:\/\/asisted.org\/wp-content\/uploads\/WhatsApp-Image-2025-10-22-at-15.18.14-569x1024.jpeg 569w\" sizes=\"(max-width: 714px) 100vw, 714px\" \/><\/a>\n\t\t\t<\/div><\/figure>\n\t\t<\/div>\n\n<h3 data-start=\"1069\" data-end=\"1126\">Un aprenentatge basat en la reflexi\u00f3 i la pr\u00e0ctica<\/h3>\n<p data-start=\"1128\" data-end=\"1240\">Durant la formaci\u00f3, les persones participants van treballar aspectes essencials de l\u2019atenci\u00f3 sociosanit\u00e0ria:<\/p>\n<ul data-start=\"1241\" data-end=\"1615\">\n<li data-start=\"1241\" data-end=\"1380\">\n<p data-start=\"1243\" data-end=\"1380\"><strong data-start=\"1243\" data-end=\"1264\">Atenci\u00f3 integral<\/strong>, basada en les vuit dimensions de la persona i en principis com l\u2019autonomia, la dignitat i la individualitat.<\/p>\n<\/li>\n<li data-start=\"1381\" data-end=\"1503\">\n<p data-start=\"1383\" data-end=\"1503\"><strong data-start=\"1383\" data-end=\"1412\">Resoluci\u00f3 d\u2019incid\u00e8ncies<\/strong>, centrada en la comunicaci\u00f3 efectiva, els registres i la coordinaci\u00f3 interdisciplin\u00e0ria.<\/p>\n<\/li>\n<li data-start=\"1504\" data-end=\"1615\">\n<p data-start=\"1506\" data-end=\"1615\"><strong data-start=\"1506\" data-end=\"1535\">Mediaci\u00f3 en les cures<\/strong>, amb exercicis pr\u00e0ctics d\u2019empatia, escolta activa i gesti\u00f3 de conflictes.<\/p>\n<\/li>\n<\/ul>\n<p data-start=\"1617\" data-end=\"1868\">La metodologia va combinar teoria, din\u00e0miques participatives i activitats vivencials com <em data-start=\"1704\" data-end=\"1724\">\u201cPosa\u2019t a la seva pell\u201d<\/em> o <em data-start=\"1727\" data-end=\"1746\">\u201cQu\u00e8 faig si&#8230;?\u201d<\/em>, que van permetre analitzar casos reals i reflexionar sobre l\u2019\u00e8tica professional i les bones pr\u00e0ctiques en el dia a dia.<\/p>\n<h3 data-start=\"1870\" data-end=\"1917\">\u00c8tica professional i respecte a la dignitat<\/h3>\n<p data-start=\"1919\" data-end=\"2273\">Un dels eixos principals va ser la <strong data-start=\"1954\" data-end=\"1984\">\u00e8tica en l\u2019art de cuidar<\/strong>, entesa com la capacitat d\u2019actuar amb responsabilitat, prud\u00e8ncia i respecte cap a la dignitat de cada persona. Tal com es va abordar a la formaci\u00f3, <strong data-start=\"2136\" data-end=\"2241\">l\u2019atenci\u00f3 no nom\u00e9s se centra en els s\u00edmptomes, sin\u00f3 tamb\u00e9 en els sentiments i la hist\u00f2ria de vida<\/strong> de cada usuari i del seu entorn.<\/p>\n<h3 data-start=\"2275\" data-end=\"2309\">Formaci\u00f3 amb impacte social<\/h3>\n<p data-start=\"2311\" data-end=\"2573\">Aquesta acci\u00f3 forma part del nostre comprom\u00eds amb la <strong data-start=\"2364\" data-end=\"2413\">millora cont\u00ednua de l\u2019atenci\u00f3 sociosanit\u00e0ria<\/strong>. En els propers mesos, el programa s\u2019ampliar\u00e0 a la resta de <strong data-start=\"2474\" data-end=\"2508\">centres d\u2019atenci\u00f3 d\u2019ASISTED<\/strong>, amb noves edicions durant el <strong data-start=\"2542\" data-end=\"2570\">primer trimestre de 2026<\/strong>.<\/p>\n<p data-start=\"2575\" data-end=\"2813\">Aquestes formacions s\u00f3n possibles gr\u00e0cies als <strong data-start=\"2620\" data-end=\"2694\">programes subvencionats per la Generalitat de Catalunya (CONVO 25-26)<\/strong>, que impulsen la professionalitzaci\u00f3 del sector i la millora de la qualitat de les cures en l\u2019entorn domiciliari.<\/p>\n<p data-start=\"2820\" data-end=\"2916\"><strong data-start=\"2820\" data-end=\"2831\">ASISTED<\/strong> reafirma aix\u00ed el seu comprom\u00eds amb la formaci\u00f3, l\u2019\u00e8tica i l\u2019excel\u00b7l\u00e8ncia professional:<\/p>\n<blockquote data-start=\"2917\" data-end=\"2984\">\n<p data-start=\"2919\" data-end=\"2984\"><em data-start=\"2919\" data-end=\"2982\">\u201cCuidar amb coneixement, empatia i respecte \u00e9s cuidar millor.\u201d<\/em><\/p>\n<\/blockquote>\n<p data-start=\"2919\" data-end=\"2984\"><img decoding=\"async\" class=\"alignnone wp-image-38485 size-full\" src=\"https:\/\/asisted.org\/wp-content\/uploads\/WhatsApp-Image-2025-10-22-at-17.28.39.jpeg\" alt=\"\" width=\"1600\" height=\"714\" srcset=\"https:\/\/asisted.org\/wp-content\/uploads\/WhatsApp-Image-2025-10-22-at-17.28.39.jpeg 1600w, https:\/\/asisted.org\/wp-content\/uploads\/WhatsApp-Image-2025-10-22-at-17.28.39-300x134.jpeg 300w, https:\/\/asisted.org\/wp-content\/uploads\/WhatsApp-Image-2025-10-22-at-17.28.39-1024x457.jpeg 1024w, https:\/\/asisted.org\/wp-content\/uploads\/WhatsApp-Image-2025-10-22-at-17.28.39-768x343.jpeg 768w, https:\/\/asisted.org\/wp-content\/uploads\/WhatsApp-Image-2025-10-22-at-17.28.39-1536x685.jpeg 1536w\" sizes=\"(max-width: 1600px) 100vw, 1600px\" \/><\/p>\n","protected":false},"excerpt":{"rendered":"<p>A ASISTED creiem que cuidar tamb\u00e9 implica aprendre, reflexionar i millorar cada dia. Per aix\u00f2 impulsem programes de formaci\u00f3 cont\u00ednua per a persones cuidadores, orientats a enfortir les compet\u00e8ncies professionals i \u00e8tiques necess\u00e0ries per oferir una atenci\u00f3 integral i de qualitat. Recentment, al nostre centre d\u2019atenci\u00f3 de Tarragona, s\u2019ha dut a terme l\u2019acci\u00f3 formativa \u201cClaus [&hellip;]<\/p>\n","protected":false},"author":4,"featured_media":39261,"comment_status":"closed","ping_status":"closed","sticky":false,"template":"","format":"standard","meta":{"_acf_changed":false,"footnotes":""},"categories":[269],"tags":[],"class_list":["post-39258","post","type-post","status-publish","format-standard","has-post-thumbnail","hentry","category-formacions"],"acf":[],"_links":{"self":[{"href":"https:\/\/asisted.org\/ca\/wp-json\/wp\/v2\/posts\/39258","targetHints":{"allow":["GET"]}}],"collection":[{"href":"https:\/\/asisted.org\/ca\/wp-json\/wp\/v2\/posts"}],"about":[{"href":"https:\/\/asisted.org\/ca\/wp-json\/wp\/v2\/types\/post"}],"author":[{"embeddable":true,"href":"https:\/\/asisted.org\/ca\/wp-json\/wp\/v2\/users\/4"}],"replies":[{"embeddable":true,"href":"https:\/\/asisted.org\/ca\/wp-json\/wp\/v2\/comments?post=39258"}],"version-history":[{"count":0,"href":"https:\/\/asisted.org\/ca\/wp-json\/wp\/v2\/posts\/39258\/revisions"}],"wp:featuredmedia":[{"embeddable":true,"href":"https:\/\/asisted.org\/ca\/wp-json\/wp\/v2\/media\/39261"}],"wp:attachment":[{"href":"https:\/\/asisted.org\/ca\/wp-json\/wp\/v2\/media?parent=39258"}],"wp:term":[{"taxonomy":"category","embeddable":true,"href":"https:\/\/asisted.org\/ca\/wp-json\/wp\/v2\/categories?post=39258"},{"taxonomy":"post_tag","embeddable":true,"href":"https:\/\/asisted.org\/ca\/wp-json\/wp\/v2\/tags?post=39258"}],"curies":[{"name":"wp","href":"https:\/\/api.w.org\/{rel}","templated":true}]}}