{"id":39253,"date":"2025-11-07T13:06:50","date_gmt":"2025-11-07T12:06:50","guid":{"rendered":"https:\/\/asisted.org\/blog\/participem-en-lestudi-de-limserso-sobre-la-formacio-de-les-persones-cuidadores\/"},"modified":"2026-02-17T13:03:41","modified_gmt":"2026-02-17T12:03:41","slug":"participem-en-lestudi-de-limserso-sobre-la-formacio-de-les-persones-cuidadores","status":"publish","type":"post","link":"https:\/\/asisted.org\/ca\/blog\/participem-en-lestudi-de-limserso-sobre-la-formacio-de-les-persones-cuidadores\/","title":{"rendered":"Participem en l\u2019estudi de l\u2019IMSERSO sobre la formaci\u00f3 de les persones cuidadores"},"content":{"rendered":"<p>Des d\u2019<a href=\"https:\/\/asisted.org\/ca\/\">ASISTED<\/a> creiem que avan\u00e7ar en la <strong>formaci\u00f3 i el reconeixement de les persones cuidadores professionals<\/strong> \u00e9s clau per continuar millorant la <strong>qualitat de les cures<\/strong>. Per aix\u00f2, durant aquest any hem col\u00b7laborat activament en l\u2019<strong>estudi impulsat per l\u2019<a href=\"https:\/\/imserso.es\/web\/imserso\" target=\"_blank\" rel=\"noopener\">IMSERSO<\/a> i la <a href=\"https:\/\/www.edad-vida.org\/\" target=\"_blank\" rel=\"noopener\">Fundaci\u00f3 Edat i Vida<\/a><\/strong>, centrat a analitzar les <strong>necessitats formatives dels i de les professionals de la cura<\/strong>.<\/p>\n<p><!--more--><\/p>\n<h2><strong>Una col\u00b7laboraci\u00f3 continuada al llarg de tot l\u2019estudi<\/strong><\/h2>\n<p>Al llarg d\u2019aquests mesos, l\u2019equip d\u2019ASISTED ha participat en diferents fases del projecte, aportant la seva experi\u00e8ncia directa en l\u2019\u00e0mbit de la cura professional:<\/p>\n<ul>\n<li>\n<p>Hem participat en l\u2019<strong>an\u00e0lisi inicial del perfil professional de la persona cuidadora<\/strong>.<\/p>\n<\/li>\n<li>\n<p>Hem dif\u00f3s l\u2019<strong>enquesta entre m\u00e9s de 700 cuidadores i cuidadors<\/strong> de la nostra entitat.<\/p>\n<\/li>\n<li>\n<p>I hem acollit una <strong>sessi\u00f3 presencial<\/strong> amb la coordinadora t\u00e8cnica de l\u2019estudi, <strong>Patricia Celi<\/strong>, juntament amb un grup de cuidadores i la nostra <strong>treballadora social, l\u2019Alba<\/strong>.<\/p>\n<\/li>\n<\/ul>\n<p>Aquesta col\u00b7laboraci\u00f3 ha perm\u00e8s incorporar la mirada pr\u00e0ctica i humana de les persones que, dia a dia, fan possible una <strong>atenci\u00f3 digna, propera i de qualitat<\/strong>.<\/p>\n<h3><strong>Un espai d\u2019escolta i reconeixement<\/strong><\/h3>\n<p>La sessi\u00f3 celebrada a <a href=\"https:\/\/asisted.org\/ca\/\">ASISTED<\/a> va ser una trobada senzilla per\u00f2 molt significativa. Es va generar un <strong>espai de confian\u00e7a i reconeixement mutu<\/strong>, on les persones participants van compartir viv\u00e8ncies i reflexions sobre la <strong>cura professional<\/strong> amb honestedat i respecte.<\/p>\n<p>Moments com aquest posen en valor la import\u00e0ncia d\u2019<strong>escoltar les persones que cuiden<\/strong>, comprendre els seus reptes i acompanyar-les en el seu desenvolupament professional i personal.<\/p>\n<h3><strong>Compromesos amb la professionalitzaci\u00f3 de les cures<\/strong><\/h3>\n<p>La participaci\u00f3 en aquest estudi no nom\u00e9s ens permet aportar coneixement, sin\u00f3 tamb\u00e9 reafirmar quelcom que forma part de la nostra identitat: el <strong>comprom\u00eds amb la cura i amb les persones que cuiden<\/strong>.<\/p>\n<p>Des d\u2019ASISTED continuarem participant en <strong>iniciatives que impulsin la professionalitzaci\u00f3 del sector sociosanitari<\/strong>, fomentant la formaci\u00f3 cont\u00ednua, la millora de compet\u00e8ncies i el benestar dels equips de cura.<\/p>\n<h2><strong>Sobre l\u2019estudi<\/strong><\/h2>\n<p>L\u2019estudi de l\u2019<a href=\"https:\/\/imserso.es\/web\/imserso\" target=\"_blank\" rel=\"noopener\"><strong>IMSERSO<\/strong><\/a> i la <a href=\"https:\/\/www.edad-vida.org\/\" target=\"_blank\" rel=\"noopener\"><strong>Fundaci\u00f3 Edat i Vida<\/strong><\/a> t\u00e9 com a objectiu identificar les <strong>necessitats formatives de les persones cuidadores professionals<\/strong> i establir l\u00ednies de millora per refor\u00e7ar la seva capacitaci\u00f3 i el seu reconeixement dins del sistema d\u2019atenci\u00f3 a les persones.<\/p>\n<p>Aquest tipus d\u2019investigacions s\u00f3n fonamentals per avan\u00e7ar cap a un <strong>model d\u2019atenci\u00f3 m\u00e9s hum\u00e0, qualificat i sostenible<\/strong>, on el paper de les persones cuidadores sigui reconegut com a essencial.<\/p>\n<p>A ASISTED entenem la cura com un acte de coneixement, empatia i comprom\u00eds. Participar en aquest tipus de projectes ens permet <strong>continuar aprenent i contribuint a la millora cont\u00ednua del sector de la cura professional<\/strong>.<\/p>\n<p>Perqu\u00e8 cuidar tamb\u00e9 \u00e9s cr\u00e9ixer, aprendre i construir plegats un futur m\u00e9s digne per a totes les persones que cuiden i s\u00f3n cuidades.<\/p>\n<div id='gallery-1' class='gallery galleryid-39253 gallery-columns-3 gallery-size-full'><figure class='gallery-item'>\n\t\t\t<div class='gallery-icon landscape'>\n\t\t\t\t<a href=\"https:\/\/asisted.org\/ca\/blog\/participem-en-lestudi-de-limserso-sobre-la-formacio-de-les-persones-cuidadores\/3a90b0f4-7cf7-44fa-a642-da3ff77c278d-2\/\"><img fetchpriority=\"high\" decoding=\"async\" width=\"2560\" height=\"1920\" src=\"https:\/\/asisted.org\/wp-content\/uploads\/3A90B0F4-7CF7-44FA-A642-DA3FF77C278D-scaled.jpg\" class=\"attachment-full size-full\" alt=\"\" srcset=\"https:\/\/asisted.org\/wp-content\/uploads\/3A90B0F4-7CF7-44FA-A642-DA3FF77C278D-scaled.jpg 2560w, https:\/\/asisted.org\/wp-content\/uploads\/3A90B0F4-7CF7-44FA-A642-DA3FF77C278D-300x225.jpg 300w, https:\/\/asisted.org\/wp-content\/uploads\/3A90B0F4-7CF7-44FA-A642-DA3FF77C278D-1024x768.jpg 1024w, https:\/\/asisted.org\/wp-content\/uploads\/3A90B0F4-7CF7-44FA-A642-DA3FF77C278D-768x576.jpg 768w, https:\/\/asisted.org\/wp-content\/uploads\/3A90B0F4-7CF7-44FA-A642-DA3FF77C278D-1536x1152.jpg 1536w, https:\/\/asisted.org\/wp-content\/uploads\/3A90B0F4-7CF7-44FA-A642-DA3FF77C278D-2048x1536.jpg 2048w\" sizes=\"(max-width: 2560px) 100vw, 2560px\" \/><\/a>\n\t\t\t<\/div><\/figure><figure class='gallery-item'>\n\t\t\t<div class='gallery-icon landscape'>\n\t\t\t\t<a href=\"https:\/\/asisted.org\/ca\/blog\/participem-en-lestudi-de-limserso-sobre-la-formacio-de-les-persones-cuidadores\/1043515d-d721-4662-8a8c-2bb03dff3318-2\/\"><img decoding=\"async\" width=\"2560\" height=\"1920\" src=\"https:\/\/asisted.org\/wp-content\/uploads\/1043515D-D721-4662-8A8C-2BB03DFF3318-scaled.jpg\" class=\"attachment-full size-full\" alt=\"\" srcset=\"https:\/\/asisted.org\/wp-content\/uploads\/1043515D-D721-4662-8A8C-2BB03DFF3318-scaled.jpg 2560w, https:\/\/asisted.org\/wp-content\/uploads\/1043515D-D721-4662-8A8C-2BB03DFF3318-300x225.jpg 300w, https:\/\/asisted.org\/wp-content\/uploads\/1043515D-D721-4662-8A8C-2BB03DFF3318-1024x768.jpg 1024w, https:\/\/asisted.org\/wp-content\/uploads\/1043515D-D721-4662-8A8C-2BB03DFF3318-768x576.jpg 768w, https:\/\/asisted.org\/wp-content\/uploads\/1043515D-D721-4662-8A8C-2BB03DFF3318-1536x1152.jpg 1536w, https:\/\/asisted.org\/wp-content\/uploads\/1043515D-D721-4662-8A8C-2BB03DFF3318-2048x1536.jpg 2048w\" sizes=\"(max-width: 2560px) 100vw, 2560px\" \/><\/a>\n\t\t\t<\/div><\/figure><figure class='gallery-item'>\n\t\t\t<div class='gallery-icon landscape'>\n\t\t\t\t<a href=\"https:\/\/asisted.org\/ca\/blog\/participem-en-lestudi-de-limserso-sobre-la-formacio-de-les-persones-cuidadores\/cd8e3b37-4d05-48e0-bf3f-153f85dee4c9-2-2\/\"><img decoding=\"async\" width=\"2560\" height=\"1920\" src=\"https:\/\/asisted.org\/wp-content\/uploads\/CD8E3B37-4D05-48E0-BF3F-153F85DEE4C9-1-scaled.jpg\" class=\"attachment-full size-full\" alt=\"\" srcset=\"https:\/\/asisted.org\/wp-content\/uploads\/CD8E3B37-4D05-48E0-BF3F-153F85DEE4C9-1-scaled.jpg 2560w, https:\/\/asisted.org\/wp-content\/uploads\/CD8E3B37-4D05-48E0-BF3F-153F85DEE4C9-1-300x225.jpg 300w, https:\/\/asisted.org\/wp-content\/uploads\/CD8E3B37-4D05-48E0-BF3F-153F85DEE4C9-1-1024x768.jpg 1024w, https:\/\/asisted.org\/wp-content\/uploads\/CD8E3B37-4D05-48E0-BF3F-153F85DEE4C9-1-768x576.jpg 768w, https:\/\/asisted.org\/wp-content\/uploads\/CD8E3B37-4D05-48E0-BF3F-153F85DEE4C9-1-1536x1152.jpg 1536w, https:\/\/asisted.org\/wp-content\/uploads\/CD8E3B37-4D05-48E0-BF3F-153F85DEE4C9-1-2048x1536.jpg 2048w\" sizes=\"(max-width: 2560px) 100vw, 2560px\" \/><\/a>\n\t\t\t<\/div><\/figure>\n\t\t<\/div>\n\n","protected":false},"excerpt":{"rendered":"<p>Des d\u2019ASISTED creiem que avan\u00e7ar en la formaci\u00f3 i el reconeixement de les persones cuidadores professionals \u00e9s clau per continuar millorant la qualitat de les cures. Per aix\u00f2, durant aquest any hem col\u00b7laborat activament en l\u2019estudi impulsat per l\u2019IMSERSO i la Fundaci\u00f3 Edat i Vida, centrat a analitzar les necessitats formatives dels i de les [&hellip;]<\/p>\n","protected":false},"author":4,"featured_media":39254,"comment_status":"closed","ping_status":"closed","sticky":false,"template":"","format":"standard","meta":{"_acf_changed":false,"footnotes":""},"categories":[269,273],"tags":[276,277,275,274],"class_list":["post-39253","post","type-post","status-publish","format-standard","has-post-thumbnail","hentry","category-formacions","category-noticies","tag-edadvida","tag-estudio","tag-imserso","tag-personas-cuidadoras"],"acf":[],"_links":{"self":[{"href":"https:\/\/asisted.org\/ca\/wp-json\/wp\/v2\/posts\/39253","targetHints":{"allow":["GET"]}}],"collection":[{"href":"https:\/\/asisted.org\/ca\/wp-json\/wp\/v2\/posts"}],"about":[{"href":"https:\/\/asisted.org\/ca\/wp-json\/wp\/v2\/types\/post"}],"author":[{"embeddable":true,"href":"https:\/\/asisted.org\/ca\/wp-json\/wp\/v2\/users\/4"}],"replies":[{"embeddable":true,"href":"https:\/\/asisted.org\/ca\/wp-json\/wp\/v2\/comments?post=39253"}],"version-history":[{"count":1,"href":"https:\/\/asisted.org\/ca\/wp-json\/wp\/v2\/posts\/39253\/revisions"}],"predecessor-version":[{"id":39586,"href":"https:\/\/asisted.org\/ca\/wp-json\/wp\/v2\/posts\/39253\/revisions\/39586"}],"wp:featuredmedia":[{"embeddable":true,"href":"https:\/\/asisted.org\/ca\/wp-json\/wp\/v2\/media\/39254"}],"wp:attachment":[{"href":"https:\/\/asisted.org\/ca\/wp-json\/wp\/v2\/media?parent=39253"}],"wp:term":[{"taxonomy":"category","embeddable":true,"href":"https:\/\/asisted.org\/ca\/wp-json\/wp\/v2\/categories?post=39253"},{"taxonomy":"post_tag","embeddable":true,"href":"https:\/\/asisted.org\/ca\/wp-json\/wp\/v2\/tags?post=39253"}],"curies":[{"name":"wp","href":"https:\/\/api.w.org\/{rel}","templated":true}]}}