{"id":39247,"date":"2025-11-10T16:09:38","date_gmt":"2025-11-10T15:09:38","guid":{"rendered":"https:\/\/asisted.org\/blog\/segona-sessio-formativa-en-atencio-integral-i-mediacio-en-les-cures-amb-la-fundacio-gentis\/"},"modified":"2025-11-10T16:09:38","modified_gmt":"2025-11-10T15:09:38","slug":"segona-sessio-formativa-en-atencio-integral-i-mediacio-en-les-cures-amb-la-fundacio-gentis","status":"publish","type":"post","link":"https:\/\/asisted.org\/ca\/blog\/segona-sessio-formativa-en-atencio-integral-i-mediacio-en-les-cures-amb-la-fundacio-gentis\/","title":{"rendered":"Segona sessi\u00f3 formativa en atenci\u00f3 integral i mediaci\u00f3 en les cures amb la Fundaci\u00f3 Gentis"},"content":{"rendered":"<p data-start=\"772\" data-end=\"1010\">Esta semana, en el centro de atenci\u00f3n de <strong data-start=\"813\" data-end=\"834\">ASISTED Tarragona<\/strong>, hemos celebrado la <strong data-start=\"855\" data-end=\"883\">segunda sesi\u00f3n formativa<\/strong> del programa desarrollado en colaboraci\u00f3n con <strong data-start=\"930\" data-end=\"949\">Fundaci\u00f3 Gentis<\/strong>, dirigida a las <strong data-start=\"966\" data-end=\"989\">personas cuidadoras<\/strong> de nuestro equipo.<\/p>\n<p data-start=\"1012\" data-end=\"1297\">La acci\u00f3n formativa, titulada <strong data-start=\"1042\" data-end=\"1185\">\u201c<a href=\"https:\/\/asisted.org\/ca\/blog\/formacio-en-atencio-integral-i-mediacio-a-les-cures-etica-empatia-i-professionalitat\/\" target=\"_blank\" rel=\"noopener\">Claves pr\u00e1cticas para la atenci\u00f3n integral, resoluci\u00f3n de incidencias y mediaci\u00f3n en los cuidados de personas en situaci\u00f3n de dependencia\u201d<\/a><\/strong>, se imparti\u00f3 en modalidad <strong data-start=\"1212\" data-end=\"1226\">presencial<\/strong> y cont\u00f3 con la participaci\u00f3n de <strong data-start=\"1259\" data-end=\"1282\">cinco profesionales<\/strong> del segundo grupo.<\/p>\n<blockquote data-start=\"1299\" data-end=\"1452\">\n<p data-start=\"1301\" data-end=\"1452\"><em data-start=\"1301\" data-end=\"1403\">\u201cLas participantes estuvieron muy implicadas, colaboradoras y participativas; sin duda, un acierto.\u201d<\/em><br data-start=\"1403\" data-end=\"1406\" \/>\u2014 M\u00edriam y la formadora de Fundaci\u00f3 Gentis<\/p>\n<\/blockquote>\n<div id='gallery-1' class='gallery galleryid-39247 gallery-columns-3 gallery-size-full'><figure class='gallery-item'>\n\t\t\t<div class='gallery-icon landscape'>\n\t\t\t\t<a href='https:\/\/asisted.org\/ca\/blog\/segona-sessio-formativa-en-atencio-integral-i-mediacio-en-les-cures-amb-la-fundacio-gentis\/fotos-formacion-4-11-25-1-2\/'><img fetchpriority=\"high\" decoding=\"async\" width=\"2040\" height=\"1530\" src=\"https:\/\/asisted.org\/wp-content\/uploads\/FOTOS-FORMACION-4.11.25-1.jpeg\" class=\"attachment-full size-full\" alt=\"\" srcset=\"https:\/\/asisted.org\/wp-content\/uploads\/FOTOS-FORMACION-4.11.25-1.jpeg 2040w, https:\/\/asisted.org\/wp-content\/uploads\/FOTOS-FORMACION-4.11.25-1-300x225.jpeg 300w, https:\/\/asisted.org\/wp-content\/uploads\/FOTOS-FORMACION-4.11.25-1-1024x768.jpeg 1024w, https:\/\/asisted.org\/wp-content\/uploads\/FOTOS-FORMACION-4.11.25-1-768x576.jpeg 768w, https:\/\/asisted.org\/wp-content\/uploads\/FOTOS-FORMACION-4.11.25-1-1536x1152.jpeg 1536w\" sizes=\"(max-width: 2040px) 100vw, 2040px\" \/><\/a>\n\t\t\t<\/div><\/figure><figure class='gallery-item'>\n\t\t\t<div class='gallery-icon landscape'>\n\t\t\t\t<a href='https:\/\/asisted.org\/ca\/blog\/segona-sessio-formativa-en-atencio-integral-i-mediacio-en-les-cures-amb-la-fundacio-gentis\/fotos-formacion-4-11-25-2-2\/'><img decoding=\"async\" width=\"2040\" height=\"1530\" src=\"https:\/\/asisted.org\/wp-content\/uploads\/FOTOS-FORMACION-4.11.25-2.jpeg\" class=\"attachment-full size-full\" alt=\"\" srcset=\"https:\/\/asisted.org\/wp-content\/uploads\/FOTOS-FORMACION-4.11.25-2.jpeg 2040w, https:\/\/asisted.org\/wp-content\/uploads\/FOTOS-FORMACION-4.11.25-2-300x225.jpeg 300w, https:\/\/asisted.org\/wp-content\/uploads\/FOTOS-FORMACION-4.11.25-2-1024x768.jpeg 1024w, https:\/\/asisted.org\/wp-content\/uploads\/FOTOS-FORMACION-4.11.25-2-768x576.jpeg 768w, https:\/\/asisted.org\/wp-content\/uploads\/FOTOS-FORMACION-4.11.25-2-1536x1152.jpeg 1536w\" sizes=\"(max-width: 2040px) 100vw, 2040px\" \/><\/a>\n\t\t\t<\/div><\/figure><figure class='gallery-item'>\n\t\t\t<div class='gallery-icon landscape'>\n\t\t\t\t<a href='https:\/\/asisted.org\/ca\/blog\/segona-sessio-formativa-en-atencio-integral-i-mediacio-en-les-cures-amb-la-fundacio-gentis\/fotos-formacion-4-11-25-3-2\/'><img decoding=\"async\" width=\"2040\" height=\"1530\" src=\"https:\/\/asisted.org\/wp-content\/uploads\/FOTOS-FORMACION-4.11.25-3.jpeg\" class=\"attachment-full size-full\" alt=\"\" srcset=\"https:\/\/asisted.org\/wp-content\/uploads\/FOTOS-FORMACION-4.11.25-3.jpeg 2040w, https:\/\/asisted.org\/wp-content\/uploads\/FOTOS-FORMACION-4.11.25-3-300x225.jpeg 300w, https:\/\/asisted.org\/wp-content\/uploads\/FOTOS-FORMACION-4.11.25-3-1024x768.jpeg 1024w, https:\/\/asisted.org\/wp-content\/uploads\/FOTOS-FORMACION-4.11.25-3-768x576.jpeg 768w, https:\/\/asisted.org\/wp-content\/uploads\/FOTOS-FORMACION-4.11.25-3-1536x1152.jpeg 1536w\" sizes=\"(max-width: 2040px) 100vw, 2040px\" \/><\/a>\n\t\t\t<\/div><\/figure>\n\t\t<\/div>\n\n<h3 data-start=\"1454\" data-end=\"1518\">Compromiso con la formaci\u00f3n y la calidad del cuidado<\/h3>\n<p data-start=\"1520\" data-end=\"1820\">Durante la sesi\u00f3n, celebrada el jueves por la tarde, se trabajaron <strong data-start=\"1604\" data-end=\"1650\">aspectos pr\u00e1cticos de la atenci\u00f3n integral<\/strong>, la <strong data-start=\"1655\" data-end=\"1684\">resoluci\u00f3n de incidencias<\/strong> y la <strong data-start=\"1690\" data-end=\"1740\">mediaci\u00f3n en situaciones cotidianas de cuidado<\/strong>, reforzando tanto las competencias t\u00e9cnicas como las relacionales del equipo.<\/p>\n<p data-start=\"1822\" data-end=\"2041\">Esta formaci\u00f3n refuerza el compromiso de ASISTED con la <strong data-start=\"1878\" data-end=\"1935\">profesionalizaci\u00f3n y el bienestar del equipo cuidador<\/strong>, promoviendo espacios de aprendizaje que contribuyen directamente a mejorar la <strong data-start=\"2015\" data-end=\"2038\">calidad del cuidado<\/strong>.<\/p>\n<p data-start=\"2094\" data-end=\"2316\">Durante el <strong data-start=\"2105\" data-end=\"2133\">primer trimestre de 2026<\/strong>, este programa se implementar\u00e1 progresivamente en el resto de <strong data-start=\"2196\" data-end=\"2223\">centros de atenci\u00f3n de ASISTED<\/strong>, consolidando una visi\u00f3n com\u00fan de <strong data-start=\"2258\" data-end=\"2288\">atenci\u00f3n integral y humana<\/strong> en todos los territorios.<\/p>\n<p data-start=\"2575\" data-end=\"2813\">Estas formaciones son posibles gracias a los\u00a0<strong data-start=\"2620\" data-end=\"2694\">programas subvencionados por la Generalitat de Catalunya (CONVO 25-26)<\/strong>.<\/p>\n","protected":false},"excerpt":{"rendered":"<p>Esta semana, en el centro de atenci\u00f3n de ASISTED Tarragona, hemos celebrado la segunda sesi\u00f3n formativa del programa desarrollado en colaboraci\u00f3n con Fundaci\u00f3 Gentis, dirigida a las personas cuidadoras de nuestro equipo. La acci\u00f3n formativa, titulada \u201cClaves pr\u00e1cticas para la atenci\u00f3n integral, resoluci\u00f3n de incidencias y mediaci\u00f3n en los cuidados de personas en situaci\u00f3n de [&hellip;]<\/p>\n","protected":false},"author":4,"featured_media":39248,"comment_status":"closed","ping_status":"closed","sticky":false,"template":"","format":"standard","meta":{"_acf_changed":false,"footnotes":""},"categories":[269],"tags":[270,271,272],"class_list":["post-39247","post","type-post","status-publish","format-standard","has-post-thumbnail","hentry","category-formacions","tag-ciutadans","tag-formacio","tag-personas-depenents"],"acf":[],"_links":{"self":[{"href":"https:\/\/asisted.org\/ca\/wp-json\/wp\/v2\/posts\/39247","targetHints":{"allow":["GET"]}}],"collection":[{"href":"https:\/\/asisted.org\/ca\/wp-json\/wp\/v2\/posts"}],"about":[{"href":"https:\/\/asisted.org\/ca\/wp-json\/wp\/v2\/types\/post"}],"author":[{"embeddable":true,"href":"https:\/\/asisted.org\/ca\/wp-json\/wp\/v2\/users\/4"}],"replies":[{"embeddable":true,"href":"https:\/\/asisted.org\/ca\/wp-json\/wp\/v2\/comments?post=39247"}],"version-history":[{"count":0,"href":"https:\/\/asisted.org\/ca\/wp-json\/wp\/v2\/posts\/39247\/revisions"}],"wp:featuredmedia":[{"embeddable":true,"href":"https:\/\/asisted.org\/ca\/wp-json\/wp\/v2\/media\/39248"}],"wp:attachment":[{"href":"https:\/\/asisted.org\/ca\/wp-json\/wp\/v2\/media?parent=39247"}],"wp:term":[{"taxonomy":"category","embeddable":true,"href":"https:\/\/asisted.org\/ca\/wp-json\/wp\/v2\/categories?post=39247"},{"taxonomy":"post_tag","embeddable":true,"href":"https:\/\/asisted.org\/ca\/wp-json\/wp\/v2\/tags?post=39247"}],"curies":[{"name":"wp","href":"https:\/\/api.w.org\/{rel}","templated":true}]}}