{"id":39206,"date":"2025-11-12T16:53:09","date_gmt":"2025-11-12T15:53:09","guid":{"rendered":"https:\/\/asisted.org\/blog\/aixi-vam-celebrar-la-3a-jornada-asisted\/"},"modified":"2026-02-17T13:03:34","modified_gmt":"2026-02-17T12:03:34","slug":"aixi-vam-celebrar-la-3a-jornada-asisted","status":"publish","type":"post","link":"https:\/\/asisted.org\/ca\/blog\/aixi-vam-celebrar-la-3a-jornada-asisted\/","title":{"rendered":"Aix\u00ed vam celebrar la 3a Jornada ASISTED!"},"content":{"rendered":"<p data-start=\"275\" data-end=\"592\">Dissabte passat vam celebrar la <strong data-start=\"306\" data-end=\"328\">3a Jornada ASISTED<\/strong>, coincidint amb la <strong data-start=\"350\" data-end=\"392\">setmana del Dia Mundial de la Persona Cuidadora<\/strong>.<br data-start=\"393\" data-end=\"396\" \/>Una cita que ja s\u2019ha convertit en tradici\u00f3 i que cada any reuneix persones cuidadores i l\u2019equip d\u2019oficines de tots els territoris per compartir, gaudir i recon\u00e8ixer el valor de la nostra tasca.<\/p>\n<p data-start=\"275\" data-end=\"592\"><!--more--><\/p>\n<p data-start=\"594\" data-end=\"771\">M\u00e9s de <strong data-start=\"601\" data-end=\"617\">100 persones<\/strong> van formar part d\u2019aquesta jornada tan especial, que va tenir lloc \u2014com l\u2019any passat\u2014 a <strong data-start=\"702\" data-end=\"719\">Mart\u00ed Codolar<\/strong>, un espai que ja sentim una mica com a nostre.<\/p>\n<h3 data-start=\"778\" data-end=\"827\"><strong data-start=\"782\" data-end=\"825\">Vam comen\u00e7ar la Jornada amb un partit de futbol per escalfar motors<\/strong><\/h3>\n<p data-start=\"829\" data-end=\"1078\">Des de primera hora, tot apuntava que seria un gran dia. En arribar, cada participant va rebre una <strong data-start=\"925\" data-end=\"951\">samarreta commemorativa<\/strong> i una <strong data-start=\"958\" data-end=\"996\">ampolla reutilitzable personalitzada<\/strong>, un petit gest per recordar aquest dia i continuar cuidant tamb\u00e9 del planeta.<\/p>\n<div id='gallery-1' class='gallery galleryid-39206 gallery-columns-4 gallery-size-full'><figure class='gallery-item'>\n\t\t\t<div class='gallery-icon landscape'>\n\t\t\t\t<a href='https:\/\/asisted.org\/ca\/blog\/aixi-vam-celebrar-la-3a-jornada-asisted\/asistednov2025_007_rrss-2\/'><img fetchpriority=\"high\" decoding=\"async\" width=\"2100\" height=\"1400\" src=\"https:\/\/asisted.org\/wp-content\/uploads\/AsistedNov2025_007_RRSS.jpg\" class=\"attachment-full size-full\" alt=\"\" srcset=\"https:\/\/asisted.org\/wp-content\/uploads\/AsistedNov2025_007_RRSS.jpg 2100w, https:\/\/asisted.org\/wp-content\/uploads\/AsistedNov2025_007_RRSS-300x200.jpg 300w, https:\/\/asisted.org\/wp-content\/uploads\/AsistedNov2025_007_RRSS-1024x683.jpg 1024w, https:\/\/asisted.org\/wp-content\/uploads\/AsistedNov2025_007_RRSS-768x512.jpg 768w, https:\/\/asisted.org\/wp-content\/uploads\/AsistedNov2025_007_RRSS-1536x1024.jpg 1536w, https:\/\/asisted.org\/wp-content\/uploads\/AsistedNov2025_007_RRSS-2048x1365.jpg 2048w\" sizes=\"(max-width: 2100px) 100vw, 2100px\" \/><\/a>\n\t\t\t<\/div><\/figure><figure class='gallery-item'>\n\t\t\t<div class='gallery-icon landscape'>\n\t\t\t\t<a href='https:\/\/asisted.org\/ca\/blog\/aixi-vam-celebrar-la-3a-jornada-asisted\/asistednov2025_027_rrss-2\/'><img decoding=\"async\" width=\"2100\" height=\"1400\" src=\"https:\/\/asisted.org\/wp-content\/uploads\/AsistedNov2025_027_RRSS.jpg\" class=\"attachment-full size-full\" alt=\"\" srcset=\"https:\/\/asisted.org\/wp-content\/uploads\/AsistedNov2025_027_RRSS.jpg 2100w, https:\/\/asisted.org\/wp-content\/uploads\/AsistedNov2025_027_RRSS-300x200.jpg 300w, https:\/\/asisted.org\/wp-content\/uploads\/AsistedNov2025_027_RRSS-1024x683.jpg 1024w, https:\/\/asisted.org\/wp-content\/uploads\/AsistedNov2025_027_RRSS-768x512.jpg 768w, https:\/\/asisted.org\/wp-content\/uploads\/AsistedNov2025_027_RRSS-1536x1024.jpg 1536w, https:\/\/asisted.org\/wp-content\/uploads\/AsistedNov2025_027_RRSS-2048x1365.jpg 2048w\" sizes=\"(max-width: 2100px) 100vw, 2100px\" \/><\/a>\n\t\t\t<\/div><\/figure><figure class='gallery-item'>\n\t\t\t<div class='gallery-icon landscape'>\n\t\t\t\t<a href='https:\/\/asisted.org\/ca\/blog\/aixi-vam-celebrar-la-3a-jornada-asisted\/asistednov2025_030_rrss-2\/'><img decoding=\"async\" width=\"2100\" height=\"1473\" src=\"https:\/\/asisted.org\/wp-content\/uploads\/AsistedNov2025_030_RRSS.jpg\" class=\"attachment-full size-full\" alt=\"\" srcset=\"https:\/\/asisted.org\/wp-content\/uploads\/AsistedNov2025_030_RRSS.jpg 2100w, https:\/\/asisted.org\/wp-content\/uploads\/AsistedNov2025_030_RRSS-300x210.jpg 300w, https:\/\/asisted.org\/wp-content\/uploads\/AsistedNov2025_030_RRSS-1024x718.jpg 1024w, https:\/\/asisted.org\/wp-content\/uploads\/AsistedNov2025_030_RRSS-768x539.jpg 768w, https:\/\/asisted.org\/wp-content\/uploads\/AsistedNov2025_030_RRSS-1536x1077.jpg 1536w, https:\/\/asisted.org\/wp-content\/uploads\/AsistedNov2025_030_RRSS-2048x1437.jpg 2048w\" sizes=\"(max-width: 2100px) 100vw, 2100px\" \/><\/a>\n\t\t\t<\/div><\/figure><figure class='gallery-item'>\n\t\t\t<div class='gallery-icon landscape'>\n\t\t\t\t<a href='https:\/\/asisted.org\/ca\/blog\/aixi-vam-celebrar-la-3a-jornada-asisted\/asistednov2025_037_rrss-2\/'><img loading=\"lazy\" decoding=\"async\" width=\"2100\" height=\"1400\" src=\"https:\/\/asisted.org\/wp-content\/uploads\/AsistedNov2025_037_RRSS.jpg\" class=\"attachment-full size-full\" alt=\"\" srcset=\"https:\/\/asisted.org\/wp-content\/uploads\/AsistedNov2025_037_RRSS.jpg 2100w, https:\/\/asisted.org\/wp-content\/uploads\/AsistedNov2025_037_RRSS-300x200.jpg 300w, https:\/\/asisted.org\/wp-content\/uploads\/AsistedNov2025_037_RRSS-1024x683.jpg 1024w, https:\/\/asisted.org\/wp-content\/uploads\/AsistedNov2025_037_RRSS-768x512.jpg 768w, https:\/\/asisted.org\/wp-content\/uploads\/AsistedNov2025_037_RRSS-1536x1024.jpg 1536w, https:\/\/asisted.org\/wp-content\/uploads\/AsistedNov2025_037_RRSS-2048x1365.jpg 2048w\" sizes=\"(max-width: 2100px) 100vw, 2100px\" \/><\/a>\n\t\t\t<\/div><\/figure>\n\t\t<\/div>\n\n<p data-start=\"1080\" data-end=\"1428\">Quan totes les persones assistents van arribar, vam donar el tret de sortida amb un <strong data-start=\"1156\" data-end=\"1186\">partit de futbol amist\u00f3s<\/strong>\u2026 tot i que aix\u00f2 d\u2019\u201camist\u00f3s\u201d va ser un dir \ud83d\ude04.<br data-start=\"1228\" data-end=\"1231\" \/>Hi va haver molta emoci\u00f3 (i una mica de picabaralla sana), les animadores es van deixar la veu animant i finalment <strong data-start=\"1329\" data-end=\"1368\">l\u2019equip blau es va endur la vict\u00f2ria<\/strong>\u2026 tot i que <em data-start=\"1377\" data-end=\"1425\">alguns encara diuen que va ser fent trampes<\/em>.<\/p>\n<div id='gallery-2' class='gallery galleryid-39206 gallery-columns-4 gallery-size-full'><figure class='gallery-item'>\n\t\t\t<div class='gallery-icon landscape'>\n\t\t\t\t<a href='https:\/\/asisted.org\/ca\/blog\/aixi-vam-celebrar-la-3a-jornada-asisted\/asistednov2025_042_rrss-2\/'><img loading=\"lazy\" decoding=\"async\" width=\"2100\" height=\"1680\" src=\"https:\/\/asisted.org\/wp-content\/uploads\/AsistedNov2025_042_RRSS.jpg\" class=\"attachment-full size-full\" alt=\"\" srcset=\"https:\/\/asisted.org\/wp-content\/uploads\/AsistedNov2025_042_RRSS.jpg 2100w, https:\/\/asisted.org\/wp-content\/uploads\/AsistedNov2025_042_RRSS-300x240.jpg 300w, https:\/\/asisted.org\/wp-content\/uploads\/AsistedNov2025_042_RRSS-1024x819.jpg 1024w, https:\/\/asisted.org\/wp-content\/uploads\/AsistedNov2025_042_RRSS-768x614.jpg 768w, https:\/\/asisted.org\/wp-content\/uploads\/AsistedNov2025_042_RRSS-1536x1229.jpg 1536w, https:\/\/asisted.org\/wp-content\/uploads\/AsistedNov2025_042_RRSS-2048x1638.jpg 2048w\" sizes=\"(max-width: 2100px) 100vw, 2100px\" \/><\/a>\n\t\t\t<\/div><\/figure><figure class='gallery-item'>\n\t\t\t<div class='gallery-icon landscape'>\n\t\t\t\t<a href='https:\/\/asisted.org\/ca\/blog\/aixi-vam-celebrar-la-3a-jornada-asisted\/asistednov2025_044_rrss-2\/'><img loading=\"lazy\" decoding=\"async\" width=\"2100\" height=\"1500\" src=\"https:\/\/asisted.org\/wp-content\/uploads\/AsistedNov2025_044_RRSS.jpg\" class=\"attachment-full size-full\" alt=\"\" srcset=\"https:\/\/asisted.org\/wp-content\/uploads\/AsistedNov2025_044_RRSS.jpg 2100w, https:\/\/asisted.org\/wp-content\/uploads\/AsistedNov2025_044_RRSS-300x214.jpg 300w, https:\/\/asisted.org\/wp-content\/uploads\/AsistedNov2025_044_RRSS-1024x731.jpg 1024w, https:\/\/asisted.org\/wp-content\/uploads\/AsistedNov2025_044_RRSS-768x549.jpg 768w, https:\/\/asisted.org\/wp-content\/uploads\/AsistedNov2025_044_RRSS-1536x1097.jpg 1536w, https:\/\/asisted.org\/wp-content\/uploads\/AsistedNov2025_044_RRSS-2048x1463.jpg 2048w\" sizes=\"(max-width: 2100px) 100vw, 2100px\" \/><\/a>\n\t\t\t<\/div><\/figure><figure class='gallery-item'>\n\t\t\t<div class='gallery-icon landscape'>\n\t\t\t\t<a href='https:\/\/asisted.org\/ca\/blog\/aixi-vam-celebrar-la-3a-jornada-asisted\/asistednov2025_049_rrss-2\/'><img loading=\"lazy\" decoding=\"async\" width=\"2100\" height=\"1400\" src=\"https:\/\/asisted.org\/wp-content\/uploads\/AsistedNov2025_049_RRSS.jpg\" class=\"attachment-full size-full\" alt=\"\" srcset=\"https:\/\/asisted.org\/wp-content\/uploads\/AsistedNov2025_049_RRSS.jpg 2100w, https:\/\/asisted.org\/wp-content\/uploads\/AsistedNov2025_049_RRSS-300x200.jpg 300w, https:\/\/asisted.org\/wp-content\/uploads\/AsistedNov2025_049_RRSS-1024x683.jpg 1024w, https:\/\/asisted.org\/wp-content\/uploads\/AsistedNov2025_049_RRSS-768x512.jpg 768w, https:\/\/asisted.org\/wp-content\/uploads\/AsistedNov2025_049_RRSS-1536x1024.jpg 1536w, https:\/\/asisted.org\/wp-content\/uploads\/AsistedNov2025_049_RRSS-2048x1365.jpg 2048w\" sizes=\"(max-width: 2100px) 100vw, 2100px\" \/><\/a>\n\t\t\t<\/div><\/figure><figure class='gallery-item'>\n\t\t\t<div class='gallery-icon landscape'>\n\t\t\t\t<a href='https:\/\/asisted.org\/ca\/blog\/aixi-vam-celebrar-la-3a-jornada-asisted\/asistednov2025_052_rrss-2\/'><img loading=\"lazy\" decoding=\"async\" width=\"2100\" height=\"1400\" src=\"https:\/\/asisted.org\/wp-content\/uploads\/AsistedNov2025_052_RRSS.jpg\" class=\"attachment-full size-full\" alt=\"\" srcset=\"https:\/\/asisted.org\/wp-content\/uploads\/AsistedNov2025_052_RRSS.jpg 2100w, https:\/\/asisted.org\/wp-content\/uploads\/AsistedNov2025_052_RRSS-300x200.jpg 300w, https:\/\/asisted.org\/wp-content\/uploads\/AsistedNov2025_052_RRSS-1024x683.jpg 1024w, https:\/\/asisted.org\/wp-content\/uploads\/AsistedNov2025_052_RRSS-768x512.jpg 768w, https:\/\/asisted.org\/wp-content\/uploads\/AsistedNov2025_052_RRSS-1536x1024.jpg 1536w, https:\/\/asisted.org\/wp-content\/uploads\/AsistedNov2025_052_RRSS-2048x1365.jpg 2048w\" sizes=\"(max-width: 2100px) 100vw, 2100px\" \/><\/a>\n\t\t\t<\/div><\/figure><figure class='gallery-item'>\n\t\t\t<div class='gallery-icon landscape'>\n\t\t\t\t<a href='https:\/\/asisted.org\/ca\/blog\/aixi-vam-celebrar-la-3a-jornada-asisted\/asistednov2025_069_rrss-2\/'><img loading=\"lazy\" decoding=\"async\" width=\"2100\" height=\"1400\" src=\"https:\/\/asisted.org\/wp-content\/uploads\/AsistedNov2025_069_RRSS.jpg\" class=\"attachment-full size-full\" alt=\"\" srcset=\"https:\/\/asisted.org\/wp-content\/uploads\/AsistedNov2025_069_RRSS.jpg 2100w, https:\/\/asisted.org\/wp-content\/uploads\/AsistedNov2025_069_RRSS-300x200.jpg 300w, https:\/\/asisted.org\/wp-content\/uploads\/AsistedNov2025_069_RRSS-1024x683.jpg 1024w, https:\/\/asisted.org\/wp-content\/uploads\/AsistedNov2025_069_RRSS-768x512.jpg 768w, https:\/\/asisted.org\/wp-content\/uploads\/AsistedNov2025_069_RRSS-1536x1024.jpg 1536w, https:\/\/asisted.org\/wp-content\/uploads\/AsistedNov2025_069_RRSS-2048x1365.jpg 2048w\" sizes=\"(max-width: 2100px) 100vw, 2100px\" \/><\/a>\n\t\t\t<\/div><\/figure><figure class='gallery-item'>\n\t\t\t<div class='gallery-icon landscape'>\n\t\t\t\t<a href='https:\/\/asisted.org\/ca\/blog\/aixi-vam-celebrar-la-3a-jornada-asisted\/asistednov2025_074_rrss-2\/'><img loading=\"lazy\" decoding=\"async\" width=\"2100\" height=\"1680\" src=\"https:\/\/asisted.org\/wp-content\/uploads\/AsistedNov2025_074_RRSS.jpg\" class=\"attachment-full size-full\" alt=\"\" srcset=\"https:\/\/asisted.org\/wp-content\/uploads\/AsistedNov2025_074_RRSS.jpg 2100w, https:\/\/asisted.org\/wp-content\/uploads\/AsistedNov2025_074_RRSS-300x240.jpg 300w, https:\/\/asisted.org\/wp-content\/uploads\/AsistedNov2025_074_RRSS-1024x819.jpg 1024w, https:\/\/asisted.org\/wp-content\/uploads\/AsistedNov2025_074_RRSS-768x614.jpg 768w, https:\/\/asisted.org\/wp-content\/uploads\/AsistedNov2025_074_RRSS-1536x1229.jpg 1536w, https:\/\/asisted.org\/wp-content\/uploads\/AsistedNov2025_074_RRSS-2048x1638.jpg 2048w\" sizes=\"(max-width: 2100px) 100vw, 2100px\" \/><\/a>\n\t\t\t<\/div><\/figure><figure class='gallery-item'>\n\t\t\t<div class='gallery-icon landscape'>\n\t\t\t\t<a href='https:\/\/asisted.org\/ca\/blog\/aixi-vam-celebrar-la-3a-jornada-asisted\/asistednov2025_081_rrss-2\/'><img loading=\"lazy\" decoding=\"async\" width=\"2100\" height=\"1500\" src=\"https:\/\/asisted.org\/wp-content\/uploads\/AsistedNov2025_081_RRSS.jpg\" class=\"attachment-full size-full\" alt=\"\" srcset=\"https:\/\/asisted.org\/wp-content\/uploads\/AsistedNov2025_081_RRSS.jpg 2100w, https:\/\/asisted.org\/wp-content\/uploads\/AsistedNov2025_081_RRSS-300x214.jpg 300w, https:\/\/asisted.org\/wp-content\/uploads\/AsistedNov2025_081_RRSS-1024x731.jpg 1024w, https:\/\/asisted.org\/wp-content\/uploads\/AsistedNov2025_081_RRSS-768x549.jpg 768w, https:\/\/asisted.org\/wp-content\/uploads\/AsistedNov2025_081_RRSS-1536x1097.jpg 1536w, https:\/\/asisted.org\/wp-content\/uploads\/AsistedNov2025_081_RRSS-2048x1463.jpg 2048w\" sizes=\"(max-width: 2100px) 100vw, 2100px\" \/><\/a>\n\t\t\t<\/div><\/figure><figure class='gallery-item'>\n\t\t\t<div class='gallery-icon landscape'>\n\t\t\t\t<a href='https:\/\/asisted.org\/ca\/blog\/aixi-vam-celebrar-la-3a-jornada-asisted\/asistednov2025_108_rrss-2\/'><img loading=\"lazy\" decoding=\"async\" width=\"2100\" height=\"1500\" src=\"https:\/\/asisted.org\/wp-content\/uploads\/AsistedNov2025_108_RRSS.jpg\" class=\"attachment-full size-full\" alt=\"\" srcset=\"https:\/\/asisted.org\/wp-content\/uploads\/AsistedNov2025_108_RRSS.jpg 2100w, https:\/\/asisted.org\/wp-content\/uploads\/AsistedNov2025_108_RRSS-300x214.jpg 300w, https:\/\/asisted.org\/wp-content\/uploads\/AsistedNov2025_108_RRSS-1024x731.jpg 1024w, https:\/\/asisted.org\/wp-content\/uploads\/AsistedNov2025_108_RRSS-768x549.jpg 768w, https:\/\/asisted.org\/wp-content\/uploads\/AsistedNov2025_108_RRSS-1536x1097.jpg 1536w, https:\/\/asisted.org\/wp-content\/uploads\/AsistedNov2025_108_RRSS-2048x1463.jpg 2048w\" sizes=\"(max-width: 2100px) 100vw, 2100px\" \/><\/a>\n\t\t\t<\/div><\/figure>\n\t\t<\/div>\n\n<h3 data-start=\"1435\" data-end=\"1475\">D<span style=\"font-size: 16px;\">espr\u00e9s de tant esfor\u00e7 esportiu, va arribar l\u2019hora de reposar forces amb un <\/span><strong style=\"font-size: 16px;\" data-start=\"1554\" data-end=\"1605\">gran assortit de montaditos, entrants i postres<\/strong><span style=\"font-size: 16px;\"> per a tots els gustos.<\/span><\/h3>\n<p data-start=\"1477\" data-end=\"1785\">Una estona per gaudir, brindar, conversar i compartir rialles entre companys i companyes, demostrant que tamb\u00e9 sabem cuidar-nos fora de la feina.<\/p>\n<div id='gallery-3' class='gallery galleryid-39206 gallery-columns-4 gallery-size-full'><figure class='gallery-item'>\n\t\t\t<div class='gallery-icon landscape'>\n\t\t\t\t<a href='https:\/\/asisted.org\/ca\/blog\/aixi-vam-celebrar-la-3a-jornada-asisted\/asistednov2025_123_rrss-2\/'><img loading=\"lazy\" decoding=\"async\" width=\"2100\" height=\"1400\" src=\"https:\/\/asisted.org\/wp-content\/uploads\/AsistedNov2025_123_RRSS.jpg\" class=\"attachment-full size-full\" alt=\"\" srcset=\"https:\/\/asisted.org\/wp-content\/uploads\/AsistedNov2025_123_RRSS.jpg 2100w, https:\/\/asisted.org\/wp-content\/uploads\/AsistedNov2025_123_RRSS-300x200.jpg 300w, https:\/\/asisted.org\/wp-content\/uploads\/AsistedNov2025_123_RRSS-1024x683.jpg 1024w, https:\/\/asisted.org\/wp-content\/uploads\/AsistedNov2025_123_RRSS-768x512.jpg 768w, https:\/\/asisted.org\/wp-content\/uploads\/AsistedNov2025_123_RRSS-1536x1024.jpg 1536w, https:\/\/asisted.org\/wp-content\/uploads\/AsistedNov2025_123_RRSS-2048x1365.jpg 2048w\" sizes=\"(max-width: 2100px) 100vw, 2100px\" \/><\/a>\n\t\t\t<\/div><\/figure><figure class='gallery-item'>\n\t\t\t<div class='gallery-icon landscape'>\n\t\t\t\t<a href='https:\/\/asisted.org\/ca\/blog\/aixi-vam-celebrar-la-3a-jornada-asisted\/asistednov2025_132_rrss-2\/'><img loading=\"lazy\" decoding=\"async\" width=\"2100\" height=\"1400\" src=\"https:\/\/asisted.org\/wp-content\/uploads\/AsistedNov2025_132_RRSS.jpg\" class=\"attachment-full size-full\" alt=\"\" srcset=\"https:\/\/asisted.org\/wp-content\/uploads\/AsistedNov2025_132_RRSS.jpg 2100w, https:\/\/asisted.org\/wp-content\/uploads\/AsistedNov2025_132_RRSS-300x200.jpg 300w, https:\/\/asisted.org\/wp-content\/uploads\/AsistedNov2025_132_RRSS-1024x683.jpg 1024w, https:\/\/asisted.org\/wp-content\/uploads\/AsistedNov2025_132_RRSS-768x512.jpg 768w, https:\/\/asisted.org\/wp-content\/uploads\/AsistedNov2025_132_RRSS-1536x1024.jpg 1536w, https:\/\/asisted.org\/wp-content\/uploads\/AsistedNov2025_132_RRSS-2048x1365.jpg 2048w\" sizes=\"(max-width: 2100px) 100vw, 2100px\" \/><\/a>\n\t\t\t<\/div><\/figure><figure class='gallery-item'>\n\t\t\t<div class='gallery-icon landscape'>\n\t\t\t\t<a href='https:\/\/asisted.org\/ca\/blog\/aixi-vam-celebrar-la-3a-jornada-asisted\/asistednov2025_136_rrss-2\/'><img loading=\"lazy\" decoding=\"async\" width=\"2100\" height=\"1400\" src=\"https:\/\/asisted.org\/wp-content\/uploads\/AsistedNov2025_136_RRSS.jpg\" class=\"attachment-full size-full\" alt=\"\" srcset=\"https:\/\/asisted.org\/wp-content\/uploads\/AsistedNov2025_136_RRSS.jpg 2100w, https:\/\/asisted.org\/wp-content\/uploads\/AsistedNov2025_136_RRSS-300x200.jpg 300w, https:\/\/asisted.org\/wp-content\/uploads\/AsistedNov2025_136_RRSS-1024x683.jpg 1024w, https:\/\/asisted.org\/wp-content\/uploads\/AsistedNov2025_136_RRSS-768x512.jpg 768w, https:\/\/asisted.org\/wp-content\/uploads\/AsistedNov2025_136_RRSS-1536x1024.jpg 1536w, https:\/\/asisted.org\/wp-content\/uploads\/AsistedNov2025_136_RRSS-2048x1365.jpg 2048w\" sizes=\"(max-width: 2100px) 100vw, 2100px\" \/><\/a>\n\t\t\t<\/div><\/figure><figure class='gallery-item'>\n\t\t\t<div class='gallery-icon landscape'>\n\t\t\t\t<a href='https:\/\/asisted.org\/ca\/blog\/aixi-vam-celebrar-la-3a-jornada-asisted\/asistednov2025_137_rrss-2\/'><img loading=\"lazy\" decoding=\"async\" width=\"2100\" height=\"1400\" src=\"https:\/\/asisted.org\/wp-content\/uploads\/AsistedNov2025_137_RRSS.jpg\" class=\"attachment-full size-full\" alt=\"\" srcset=\"https:\/\/asisted.org\/wp-content\/uploads\/AsistedNov2025_137_RRSS.jpg 2100w, https:\/\/asisted.org\/wp-content\/uploads\/AsistedNov2025_137_RRSS-300x200.jpg 300w, https:\/\/asisted.org\/wp-content\/uploads\/AsistedNov2025_137_RRSS-1024x683.jpg 1024w, https:\/\/asisted.org\/wp-content\/uploads\/AsistedNov2025_137_RRSS-768x512.jpg 768w, https:\/\/asisted.org\/wp-content\/uploads\/AsistedNov2025_137_RRSS-1536x1024.jpg 1536w, https:\/\/asisted.org\/wp-content\/uploads\/AsistedNov2025_137_RRSS-2048x1365.jpg 2048w\" sizes=\"(max-width: 2100px) 100vw, 2100px\" \/><\/a>\n\t\t\t<\/div><\/figure>\n\t\t<\/div>\n\n<h3 data-start=\"1792\" data-end=\"1842\"><strong data-start=\"1796\" data-end=\"1840\">Una jornada per reflexionar i agrair<\/strong><\/h3>\n<p data-start=\"1844\" data-end=\"1955\">Despr\u00e9s del dinar, ens vam traslladar a l\u2019interior de Mart\u00ed Codolar, on va tenir lloc l\u2019acte central de la jornada.<\/p>\n<p data-start=\"1957\" data-end=\"2274\"><strong data-start=\"1957\" data-end=\"1968\">Gabriel Calzado<\/strong>, president i fundador d\u2019ASISTED, va obrir la trobada amb unes paraules d\u2019agra\u00efment a tot l\u2019equip per la seva tasca di\u00e0ria: va recordar que aquest cam\u00ed va comen\u00e7ar fa <strong data-start=\"2138\" data-end=\"2149\">45 anys<\/strong>, i que continua evolucionant amb la mateixa missi\u00f3 de sempre: <strong data-start=\"2209\" data-end=\"2272\">dignificar i recon\u00e8ixer la tasca de les persones que cuiden.<\/strong><\/p>\n<p data-start=\"2276\" data-end=\"2647\">Tamb\u00e9 hi van intervenir <strong data-start=\"2298\" data-end=\"2314\">Jos\u00e9 Antonio Moreno<\/strong>, president del Comit\u00e8 d\u2019Empresa, i <strong>Lina Macana<\/strong>, membre del Comit\u00e8 d\u2019Empresa, que van compartir la seva visi\u00f3 des de l\u2019experi\u00e8ncia i el comprom\u00eds de qui fa possible el dia a dia d\u2019ASISTED.<br data-start=\"2502\" data-end=\"2505\" \/>Junts van recordar que aquesta jornada no \u00e9s nom\u00e9s una celebraci\u00f3, sin\u00f3 tamb\u00e9 una manera de <strong data-start=\"2595\" data-end=\"2645\">enfortir els vincles que ens uneixen com a equip.<\/strong><\/p>\n<div id='gallery-4' class='gallery galleryid-39206 gallery-columns-4 gallery-size-full'><figure class='gallery-item'>\n\t\t\t<div class='gallery-icon landscape'>\n\t\t\t\t<a href='https:\/\/asisted.org\/ca\/blog\/aixi-vam-celebrar-la-3a-jornada-asisted\/asistednov2025_141_rrss-2\/'><img loading=\"lazy\" decoding=\"async\" width=\"2100\" height=\"1400\" src=\"https:\/\/asisted.org\/wp-content\/uploads\/AsistedNov2025_141_RRSS.jpg\" class=\"attachment-full size-full\" alt=\"\" srcset=\"https:\/\/asisted.org\/wp-content\/uploads\/AsistedNov2025_141_RRSS.jpg 2100w, https:\/\/asisted.org\/wp-content\/uploads\/AsistedNov2025_141_RRSS-300x200.jpg 300w, https:\/\/asisted.org\/wp-content\/uploads\/AsistedNov2025_141_RRSS-1024x683.jpg 1024w, https:\/\/asisted.org\/wp-content\/uploads\/AsistedNov2025_141_RRSS-768x512.jpg 768w, https:\/\/asisted.org\/wp-content\/uploads\/AsistedNov2025_141_RRSS-1536x1024.jpg 1536w, https:\/\/asisted.org\/wp-content\/uploads\/AsistedNov2025_141_RRSS-2048x1365.jpg 2048w\" sizes=\"(max-width: 2100px) 100vw, 2100px\" \/><\/a>\n\t\t\t<\/div><\/figure><figure class='gallery-item'>\n\t\t\t<div class='gallery-icon landscape'>\n\t\t\t\t<a href='https:\/\/asisted.org\/ca\/blog\/aixi-vam-celebrar-la-3a-jornada-asisted\/asistednov2025_143_rrss-2\/'><img loading=\"lazy\" decoding=\"async\" width=\"2100\" height=\"1400\" src=\"https:\/\/asisted.org\/wp-content\/uploads\/AsistedNov2025_143_RRSS.jpg\" class=\"attachment-full size-full\" alt=\"\" srcset=\"https:\/\/asisted.org\/wp-content\/uploads\/AsistedNov2025_143_RRSS.jpg 2100w, https:\/\/asisted.org\/wp-content\/uploads\/AsistedNov2025_143_RRSS-300x200.jpg 300w, https:\/\/asisted.org\/wp-content\/uploads\/AsistedNov2025_143_RRSS-1024x683.jpg 1024w, https:\/\/asisted.org\/wp-content\/uploads\/AsistedNov2025_143_RRSS-768x512.jpg 768w, https:\/\/asisted.org\/wp-content\/uploads\/AsistedNov2025_143_RRSS-1536x1024.jpg 1536w, https:\/\/asisted.org\/wp-content\/uploads\/AsistedNov2025_143_RRSS-2048x1365.jpg 2048w\" sizes=\"(max-width: 2100px) 100vw, 2100px\" \/><\/a>\n\t\t\t<\/div><\/figure><figure class='gallery-item'>\n\t\t\t<div class='gallery-icon landscape'>\n\t\t\t\t<a href='https:\/\/asisted.org\/ca\/blog\/aixi-vam-celebrar-la-3a-jornada-asisted\/asistednov2025_147_rrss-2\/'><img loading=\"lazy\" decoding=\"async\" width=\"2100\" height=\"1400\" src=\"https:\/\/asisted.org\/wp-content\/uploads\/AsistedNov2025_147_RRSS.jpg\" class=\"attachment-full size-full\" alt=\"\" srcset=\"https:\/\/asisted.org\/wp-content\/uploads\/AsistedNov2025_147_RRSS.jpg 2100w, https:\/\/asisted.org\/wp-content\/uploads\/AsistedNov2025_147_RRSS-300x200.jpg 300w, https:\/\/asisted.org\/wp-content\/uploads\/AsistedNov2025_147_RRSS-1024x683.jpg 1024w, https:\/\/asisted.org\/wp-content\/uploads\/AsistedNov2025_147_RRSS-768x512.jpg 768w, https:\/\/asisted.org\/wp-content\/uploads\/AsistedNov2025_147_RRSS-1536x1024.jpg 1536w, https:\/\/asisted.org\/wp-content\/uploads\/AsistedNov2025_147_RRSS-2048x1365.jpg 2048w\" sizes=\"(max-width: 2100px) 100vw, 2100px\" \/><\/a>\n\t\t\t<\/div><\/figure><figure class='gallery-item'>\n\t\t\t<div class='gallery-icon landscape'>\n\t\t\t\t<a href='https:\/\/asisted.org\/ca\/blog\/aixi-vam-celebrar-la-3a-jornada-asisted\/asistednov2025_150_rrss-2\/'><img loading=\"lazy\" decoding=\"async\" width=\"2100\" height=\"1400\" src=\"https:\/\/asisted.org\/wp-content\/uploads\/AsistedNov2025_150_RRSS.jpg\" class=\"attachment-full size-full\" alt=\"\" srcset=\"https:\/\/asisted.org\/wp-content\/uploads\/AsistedNov2025_150_RRSS.jpg 2100w, https:\/\/asisted.org\/wp-content\/uploads\/AsistedNov2025_150_RRSS-300x200.jpg 300w, https:\/\/asisted.org\/wp-content\/uploads\/AsistedNov2025_150_RRSS-1024x683.jpg 1024w, https:\/\/asisted.org\/wp-content\/uploads\/AsistedNov2025_150_RRSS-768x512.jpg 768w, https:\/\/asisted.org\/wp-content\/uploads\/AsistedNov2025_150_RRSS-1536x1024.jpg 1536w, https:\/\/asisted.org\/wp-content\/uploads\/AsistedNov2025_150_RRSS-2048x1365.jpg 2048w\" sizes=\"(max-width: 2100px) 100vw, 2100px\" \/><\/a>\n\t\t\t<\/div><\/figure><figure class='gallery-item'>\n\t\t\t<div class='gallery-icon landscape'>\n\t\t\t\t<a href='https:\/\/asisted.org\/ca\/blog\/aixi-vam-celebrar-la-3a-jornada-asisted\/asistednov2025_152_rrss-2\/'><img loading=\"lazy\" decoding=\"async\" width=\"2100\" height=\"1400\" src=\"https:\/\/asisted.org\/wp-content\/uploads\/AsistedNov2025_152_RRSS.jpg\" class=\"attachment-full size-full\" alt=\"\" srcset=\"https:\/\/asisted.org\/wp-content\/uploads\/AsistedNov2025_152_RRSS.jpg 2100w, https:\/\/asisted.org\/wp-content\/uploads\/AsistedNov2025_152_RRSS-300x200.jpg 300w, https:\/\/asisted.org\/wp-content\/uploads\/AsistedNov2025_152_RRSS-1024x683.jpg 1024w, https:\/\/asisted.org\/wp-content\/uploads\/AsistedNov2025_152_RRSS-768x512.jpg 768w, https:\/\/asisted.org\/wp-content\/uploads\/AsistedNov2025_152_RRSS-1536x1024.jpg 1536w, https:\/\/asisted.org\/wp-content\/uploads\/AsistedNov2025_152_RRSS-2048x1365.jpg 2048w\" sizes=\"(max-width: 2100px) 100vw, 2100px\" \/><\/a>\n\t\t\t<\/div><\/figure><figure class='gallery-item'>\n\t\t\t<div class='gallery-icon landscape'>\n\t\t\t\t<a href='https:\/\/asisted.org\/ca\/blog\/aixi-vam-celebrar-la-3a-jornada-asisted\/asistednov2025_155_rrss-2\/'><img loading=\"lazy\" decoding=\"async\" width=\"2100\" height=\"1400\" src=\"https:\/\/asisted.org\/wp-content\/uploads\/AsistedNov2025_155_RRSS.jpg\" class=\"attachment-full size-full\" alt=\"\" srcset=\"https:\/\/asisted.org\/wp-content\/uploads\/AsistedNov2025_155_RRSS.jpg 2100w, https:\/\/asisted.org\/wp-content\/uploads\/AsistedNov2025_155_RRSS-300x200.jpg 300w, https:\/\/asisted.org\/wp-content\/uploads\/AsistedNov2025_155_RRSS-1024x683.jpg 1024w, https:\/\/asisted.org\/wp-content\/uploads\/AsistedNov2025_155_RRSS-768x512.jpg 768w, https:\/\/asisted.org\/wp-content\/uploads\/AsistedNov2025_155_RRSS-1536x1024.jpg 1536w, https:\/\/asisted.org\/wp-content\/uploads\/AsistedNov2025_155_RRSS-2048x1365.jpg 2048w\" sizes=\"(max-width: 2100px) 100vw, 2100px\" \/><\/a>\n\t\t\t<\/div><\/figure><figure class='gallery-item'>\n\t\t\t<div class='gallery-icon landscape'>\n\t\t\t\t<a href='https:\/\/asisted.org\/ca\/blog\/aixi-vam-celebrar-la-3a-jornada-asisted\/asistednov2025_158_rrss-2\/'><img loading=\"lazy\" decoding=\"async\" width=\"2100\" height=\"1400\" src=\"https:\/\/asisted.org\/wp-content\/uploads\/AsistedNov2025_158_RRSS.jpg\" class=\"attachment-full size-full\" alt=\"\" srcset=\"https:\/\/asisted.org\/wp-content\/uploads\/AsistedNov2025_158_RRSS.jpg 2100w, https:\/\/asisted.org\/wp-content\/uploads\/AsistedNov2025_158_RRSS-300x200.jpg 300w, https:\/\/asisted.org\/wp-content\/uploads\/AsistedNov2025_158_RRSS-1024x683.jpg 1024w, https:\/\/asisted.org\/wp-content\/uploads\/AsistedNov2025_158_RRSS-768x512.jpg 768w, https:\/\/asisted.org\/wp-content\/uploads\/AsistedNov2025_158_RRSS-1536x1024.jpg 1536w, https:\/\/asisted.org\/wp-content\/uploads\/AsistedNov2025_158_RRSS-2048x1365.jpg 2048w\" sizes=\"(max-width: 2100px) 100vw, 2100px\" \/><\/a>\n\t\t\t<\/div><\/figure><figure class='gallery-item'>\n\t\t\t<div class='gallery-icon landscape'>\n\t\t\t\t<a href='https:\/\/asisted.org\/ca\/blog\/aixi-vam-celebrar-la-3a-jornada-asisted\/asistednov2025_160_rrss-2\/'><img loading=\"lazy\" decoding=\"async\" width=\"2100\" height=\"1400\" src=\"https:\/\/asisted.org\/wp-content\/uploads\/AsistedNov2025_160_RRSS.jpg\" class=\"attachment-full size-full\" alt=\"\" srcset=\"https:\/\/asisted.org\/wp-content\/uploads\/AsistedNov2025_160_RRSS.jpg 2100w, https:\/\/asisted.org\/wp-content\/uploads\/AsistedNov2025_160_RRSS-300x200.jpg 300w, https:\/\/asisted.org\/wp-content\/uploads\/AsistedNov2025_160_RRSS-1024x683.jpg 1024w, https:\/\/asisted.org\/wp-content\/uploads\/AsistedNov2025_160_RRSS-768x512.jpg 768w, https:\/\/asisted.org\/wp-content\/uploads\/AsistedNov2025_160_RRSS-1536x1024.jpg 1536w, https:\/\/asisted.org\/wp-content\/uploads\/AsistedNov2025_160_RRSS-2048x1365.jpg 2048w\" sizes=\"(max-width: 2100px) 100vw, 2100px\" \/><\/a>\n\t\t\t<\/div><\/figure>\n\t\t<\/div>\n\n<h3 data-start=\"2654\" data-end=\"2699\"><strong data-start=\"2658\" data-end=\"2697\">Un arbre que ens representa a tots<\/strong><\/h3>\n<p data-start=\"2701\" data-end=\"2977\">Un dels moments m\u00e9s simb\u00f2lics va ser la creaci\u00f3 d\u2019un <strong data-start=\"2758\" data-end=\"2780\">arbre col\u00b7laboratiu<\/strong>, dissenyat amb les fulles que formen part de la nostra imatge gr\u00e0fica.<br data-start=\"2848\" data-end=\"2851\" \/>Cada persona va escriure el seu nom en una de les fulles i la va col\u00b7locar a l\u2019arbre, com a s\u00edmbol de pertinen\u00e7a a una gran fam\u00edlia.<\/p>\n<p data-start=\"2979\" data-end=\"3186\">Aquest arbre estar\u00e0 exposat al <strong data-start=\"3012\" data-end=\"3039\">Centre d\u2019atenci\u00f3 de Barcelona<\/strong>, perqu\u00e8 totes les persones que no hi van poder assistir s\u2019hi puguin apropar per deixar la seva empremta i sumar-se a aquesta representaci\u00f3 de la nostra comunitat.<\/p>\n<div id='gallery-5' class='gallery galleryid-39206 gallery-columns-4 gallery-size-full'><figure class='gallery-item'>\n\t\t\t<div class='gallery-icon landscape'>\n\t\t\t\t<a href='https:\/\/asisted.org\/ca\/blog\/aixi-vam-celebrar-la-3a-jornada-asisted\/asistednov2025_163_rrss-2\/'><img loading=\"lazy\" decoding=\"async\" width=\"2100\" height=\"1400\" src=\"https:\/\/asisted.org\/wp-content\/uploads\/AsistedNov2025_163_RRSS.jpg\" class=\"attachment-full size-full\" alt=\"\" srcset=\"https:\/\/asisted.org\/wp-content\/uploads\/AsistedNov2025_163_RRSS.jpg 2100w, https:\/\/asisted.org\/wp-content\/uploads\/AsistedNov2025_163_RRSS-300x200.jpg 300w, https:\/\/asisted.org\/wp-content\/uploads\/AsistedNov2025_163_RRSS-1024x683.jpg 1024w, https:\/\/asisted.org\/wp-content\/uploads\/AsistedNov2025_163_RRSS-768x512.jpg 768w, https:\/\/asisted.org\/wp-content\/uploads\/AsistedNov2025_163_RRSS-1536x1024.jpg 1536w, https:\/\/asisted.org\/wp-content\/uploads\/AsistedNov2025_163_RRSS-2048x1365.jpg 2048w\" sizes=\"(max-width: 2100px) 100vw, 2100px\" \/><\/a>\n\t\t\t<\/div><\/figure><figure class='gallery-item'>\n\t\t\t<div class='gallery-icon landscape'>\n\t\t\t\t<a href='https:\/\/asisted.org\/ca\/blog\/aixi-vam-celebrar-la-3a-jornada-asisted\/asistednov2025_169_rrss-2\/'><img loading=\"lazy\" decoding=\"async\" width=\"2100\" height=\"1400\" src=\"https:\/\/asisted.org\/wp-content\/uploads\/AsistedNov2025_169_RRSS.jpg\" class=\"attachment-full size-full\" alt=\"\" srcset=\"https:\/\/asisted.org\/wp-content\/uploads\/AsistedNov2025_169_RRSS.jpg 2100w, https:\/\/asisted.org\/wp-content\/uploads\/AsistedNov2025_169_RRSS-300x200.jpg 300w, https:\/\/asisted.org\/wp-content\/uploads\/AsistedNov2025_169_RRSS-1024x683.jpg 1024w, https:\/\/asisted.org\/wp-content\/uploads\/AsistedNov2025_169_RRSS-768x512.jpg 768w, https:\/\/asisted.org\/wp-content\/uploads\/AsistedNov2025_169_RRSS-1536x1024.jpg 1536w, https:\/\/asisted.org\/wp-content\/uploads\/AsistedNov2025_169_RRSS-2048x1365.jpg 2048w\" sizes=\"(max-width: 2100px) 100vw, 2100px\" \/><\/a>\n\t\t\t<\/div><\/figure><figure class='gallery-item'>\n\t\t\t<div class='gallery-icon landscape'>\n\t\t\t\t<a href='https:\/\/asisted.org\/ca\/blog\/aixi-vam-celebrar-la-3a-jornada-asisted\/asistednov2025_182_rrss-2\/'><img loading=\"lazy\" decoding=\"async\" width=\"2100\" height=\"1400\" src=\"https:\/\/asisted.org\/wp-content\/uploads\/AsistedNov2025_182_RRSS.jpg\" class=\"attachment-full size-full\" alt=\"\" srcset=\"https:\/\/asisted.org\/wp-content\/uploads\/AsistedNov2025_182_RRSS.jpg 2100w, https:\/\/asisted.org\/wp-content\/uploads\/AsistedNov2025_182_RRSS-300x200.jpg 300w, https:\/\/asisted.org\/wp-content\/uploads\/AsistedNov2025_182_RRSS-1024x683.jpg 1024w, https:\/\/asisted.org\/wp-content\/uploads\/AsistedNov2025_182_RRSS-768x512.jpg 768w, https:\/\/asisted.org\/wp-content\/uploads\/AsistedNov2025_182_RRSS-1536x1024.jpg 1536w, https:\/\/asisted.org\/wp-content\/uploads\/AsistedNov2025_182_RRSS-2048x1365.jpg 2048w\" sizes=\"(max-width: 2100px) 100vw, 2100px\" \/><\/a>\n\t\t\t<\/div><\/figure><figure class='gallery-item'>\n\t\t\t<div class='gallery-icon landscape'>\n\t\t\t\t<a href='https:\/\/asisted.org\/ca\/blog\/aixi-vam-celebrar-la-3a-jornada-asisted\/asistednov2025_167_rrss-2\/'><img loading=\"lazy\" decoding=\"async\" width=\"2100\" height=\"1400\" src=\"https:\/\/asisted.org\/wp-content\/uploads\/AsistedNov2025_167_RRSS.jpg\" class=\"attachment-full size-full\" alt=\"\" srcset=\"https:\/\/asisted.org\/wp-content\/uploads\/AsistedNov2025_167_RRSS.jpg 2100w, https:\/\/asisted.org\/wp-content\/uploads\/AsistedNov2025_167_RRSS-300x200.jpg 300w, https:\/\/asisted.org\/wp-content\/uploads\/AsistedNov2025_167_RRSS-1024x683.jpg 1024w, https:\/\/asisted.org\/wp-content\/uploads\/AsistedNov2025_167_RRSS-768x512.jpg 768w, https:\/\/asisted.org\/wp-content\/uploads\/AsistedNov2025_167_RRSS-1536x1024.jpg 1536w, https:\/\/asisted.org\/wp-content\/uploads\/AsistedNov2025_167_RRSS-2048x1365.jpg 2048w\" sizes=\"(max-width: 2100px) 100vw, 2100px\" \/><\/a>\n\t\t\t<\/div><\/figure>\n\t\t<\/div>\n\n<h3 data-start=\"3193\" data-end=\"3245\"><strong data-start=\"3197\" data-end=\"3243\">Bingo, premis i ball: el colof\u00f3 perfecte<\/strong><\/h3>\n<p data-start=\"3247\" data-end=\"3571\">I, com no podia ser d\u2019una altra manera, la jornada va acabar amb un <strong data-start=\"3309\" data-end=\"3332\">bingo molt divertit<\/strong>, ple de rialles, premis i sorpreses per a les persones guanyadores.<br data-start=\"3389\" data-end=\"3392\" \/>Despr\u00e9s, la m\u00fasica va prendre el relleu i vam posar el punt final <strong data-start=\"3451\" data-end=\"3494\">ballant, cantant i gaudint plegats<\/strong>, tal com ens agrada fer-ho a ASISTED: amb alegria, proximitat i molta energia.<\/p>\n<div id='gallery-6' class='gallery galleryid-39206 gallery-columns-5 gallery-size-full'><figure class='gallery-item'>\n\t\t\t<div class='gallery-icon landscape'>\n\t\t\t\t<a href='https:\/\/asisted.org\/ca\/blog\/aixi-vam-celebrar-la-3a-jornada-asisted\/asistednov2025_194_rrss-2\/'><img loading=\"lazy\" decoding=\"async\" width=\"2100\" height=\"1400\" src=\"https:\/\/asisted.org\/wp-content\/uploads\/AsistedNov2025_194_RRSS.jpg\" class=\"attachment-full size-full\" alt=\"\" srcset=\"https:\/\/asisted.org\/wp-content\/uploads\/AsistedNov2025_194_RRSS.jpg 2100w, https:\/\/asisted.org\/wp-content\/uploads\/AsistedNov2025_194_RRSS-300x200.jpg 300w, https:\/\/asisted.org\/wp-content\/uploads\/AsistedNov2025_194_RRSS-1024x683.jpg 1024w, https:\/\/asisted.org\/wp-content\/uploads\/AsistedNov2025_194_RRSS-768x512.jpg 768w, https:\/\/asisted.org\/wp-content\/uploads\/AsistedNov2025_194_RRSS-1536x1024.jpg 1536w, https:\/\/asisted.org\/wp-content\/uploads\/AsistedNov2025_194_RRSS-2048x1365.jpg 2048w\" sizes=\"(max-width: 2100px) 100vw, 2100px\" \/><\/a>\n\t\t\t<\/div><\/figure><figure class='gallery-item'>\n\t\t\t<div class='gallery-icon landscape'>\n\t\t\t\t<a href='https:\/\/asisted.org\/ca\/blog\/aixi-vam-celebrar-la-3a-jornada-asisted\/asistednov2025_208_rrss-2\/'><img loading=\"lazy\" decoding=\"async\" width=\"2100\" height=\"1500\" src=\"https:\/\/asisted.org\/wp-content\/uploads\/AsistedNov2025_208_RRSS.jpg\" class=\"attachment-full size-full\" alt=\"\" srcset=\"https:\/\/asisted.org\/wp-content\/uploads\/AsistedNov2025_208_RRSS.jpg 2100w, https:\/\/asisted.org\/wp-content\/uploads\/AsistedNov2025_208_RRSS-300x214.jpg 300w, https:\/\/asisted.org\/wp-content\/uploads\/AsistedNov2025_208_RRSS-1024x731.jpg 1024w, https:\/\/asisted.org\/wp-content\/uploads\/AsistedNov2025_208_RRSS-768x549.jpg 768w, https:\/\/asisted.org\/wp-content\/uploads\/AsistedNov2025_208_RRSS-1536x1097.jpg 1536w, https:\/\/asisted.org\/wp-content\/uploads\/AsistedNov2025_208_RRSS-2048x1463.jpg 2048w\" sizes=\"(max-width: 2100px) 100vw, 2100px\" \/><\/a>\n\t\t\t<\/div><\/figure><figure class='gallery-item'>\n\t\t\t<div class='gallery-icon landscape'>\n\t\t\t\t<a href='https:\/\/asisted.org\/ca\/blog\/aixi-vam-celebrar-la-3a-jornada-asisted\/asistednov2025_212_rrss-2\/'><img loading=\"lazy\" decoding=\"async\" width=\"2100\" height=\"1400\" src=\"https:\/\/asisted.org\/wp-content\/uploads\/AsistedNov2025_212_RRSS.jpg\" class=\"attachment-full size-full\" alt=\"\" srcset=\"https:\/\/asisted.org\/wp-content\/uploads\/AsistedNov2025_212_RRSS.jpg 2100w, https:\/\/asisted.org\/wp-content\/uploads\/AsistedNov2025_212_RRSS-300x200.jpg 300w, https:\/\/asisted.org\/wp-content\/uploads\/AsistedNov2025_212_RRSS-1024x683.jpg 1024w, https:\/\/asisted.org\/wp-content\/uploads\/AsistedNov2025_212_RRSS-768x512.jpg 768w, https:\/\/asisted.org\/wp-content\/uploads\/AsistedNov2025_212_RRSS-1536x1024.jpg 1536w, https:\/\/asisted.org\/wp-content\/uploads\/AsistedNov2025_212_RRSS-2048x1365.jpg 2048w\" sizes=\"(max-width: 2100px) 100vw, 2100px\" \/><\/a>\n\t\t\t<\/div><\/figure><figure class='gallery-item'>\n\t\t\t<div class='gallery-icon landscape'>\n\t\t\t\t<a href='https:\/\/asisted.org\/ca\/blog\/aixi-vam-celebrar-la-3a-jornada-asisted\/asistednov2025_233_rrss-2\/'><img loading=\"lazy\" decoding=\"async\" width=\"2100\" height=\"1400\" src=\"https:\/\/asisted.org\/wp-content\/uploads\/AsistedNov2025_233_RRSS.jpg\" class=\"attachment-full size-full\" alt=\"\" srcset=\"https:\/\/asisted.org\/wp-content\/uploads\/AsistedNov2025_233_RRSS.jpg 2100w, https:\/\/asisted.org\/wp-content\/uploads\/AsistedNov2025_233_RRSS-300x200.jpg 300w, https:\/\/asisted.org\/wp-content\/uploads\/AsistedNov2025_233_RRSS-1024x683.jpg 1024w, https:\/\/asisted.org\/wp-content\/uploads\/AsistedNov2025_233_RRSS-768x512.jpg 768w, https:\/\/asisted.org\/wp-content\/uploads\/AsistedNov2025_233_RRSS-1536x1024.jpg 1536w, https:\/\/asisted.org\/wp-content\/uploads\/AsistedNov2025_233_RRSS-2048x1365.jpg 2048w\" sizes=\"(max-width: 2100px) 100vw, 2100px\" \/><\/a>\n\t\t\t<\/div><\/figure><figure class='gallery-item'>\n\t\t\t<div class='gallery-icon landscape'>\n\t\t\t\t<a href='https:\/\/asisted.org\/ca\/blog\/aixi-vam-celebrar-la-3a-jornada-asisted\/asistednov2025_277_rrss-2\/'><img loading=\"lazy\" decoding=\"async\" width=\"2100\" height=\"1400\" src=\"https:\/\/asisted.org\/wp-content\/uploads\/AsistedNov2025_277_RRSS.jpg\" class=\"attachment-full size-full\" alt=\"\" srcset=\"https:\/\/asisted.org\/wp-content\/uploads\/AsistedNov2025_277_RRSS.jpg 2100w, https:\/\/asisted.org\/wp-content\/uploads\/AsistedNov2025_277_RRSS-300x200.jpg 300w, https:\/\/asisted.org\/wp-content\/uploads\/AsistedNov2025_277_RRSS-1024x683.jpg 1024w, https:\/\/asisted.org\/wp-content\/uploads\/AsistedNov2025_277_RRSS-768x512.jpg 768w, https:\/\/asisted.org\/wp-content\/uploads\/AsistedNov2025_277_RRSS-1536x1024.jpg 1536w, https:\/\/asisted.org\/wp-content\/uploads\/AsistedNov2025_277_RRSS-2048x1365.jpg 2048w\" sizes=\"(max-width: 2100px) 100vw, 2100px\" \/><\/a>\n\t\t\t<\/div><\/figure><figure class='gallery-item'>\n\t\t\t<div class='gallery-icon landscape'>\n\t\t\t\t<a href='https:\/\/asisted.org\/ca\/blog\/aixi-vam-celebrar-la-3a-jornada-asisted\/asistednov2025_280_rrss-2\/'><img loading=\"lazy\" decoding=\"async\" width=\"2100\" height=\"1680\" src=\"https:\/\/asisted.org\/wp-content\/uploads\/AsistedNov2025_280_RRSS.jpg\" class=\"attachment-full size-full\" alt=\"\" srcset=\"https:\/\/asisted.org\/wp-content\/uploads\/AsistedNov2025_280_RRSS.jpg 2100w, https:\/\/asisted.org\/wp-content\/uploads\/AsistedNov2025_280_RRSS-300x240.jpg 300w, https:\/\/asisted.org\/wp-content\/uploads\/AsistedNov2025_280_RRSS-1024x819.jpg 1024w, https:\/\/asisted.org\/wp-content\/uploads\/AsistedNov2025_280_RRSS-768x614.jpg 768w, https:\/\/asisted.org\/wp-content\/uploads\/AsistedNov2025_280_RRSS-1536x1229.jpg 1536w, https:\/\/asisted.org\/wp-content\/uploads\/AsistedNov2025_280_RRSS-2048x1638.jpg 2048w\" sizes=\"(max-width: 2100px) 100vw, 2100px\" \/><\/a>\n\t\t\t<\/div><\/figure><figure class='gallery-item'>\n\t\t\t<div class='gallery-icon landscape'>\n\t\t\t\t<a href='https:\/\/asisted.org\/ca\/blog\/aixi-vam-celebrar-la-3a-jornada-asisted\/asistednov2025_285_rrss-2\/'><img loading=\"lazy\" decoding=\"async\" width=\"2100\" height=\"1400\" src=\"https:\/\/asisted.org\/wp-content\/uploads\/AsistedNov2025_285_RRSS.jpg\" class=\"attachment-full size-full\" alt=\"\" srcset=\"https:\/\/asisted.org\/wp-content\/uploads\/AsistedNov2025_285_RRSS.jpg 2100w, https:\/\/asisted.org\/wp-content\/uploads\/AsistedNov2025_285_RRSS-300x200.jpg 300w, https:\/\/asisted.org\/wp-content\/uploads\/AsistedNov2025_285_RRSS-1024x683.jpg 1024w, https:\/\/asisted.org\/wp-content\/uploads\/AsistedNov2025_285_RRSS-768x512.jpg 768w, https:\/\/asisted.org\/wp-content\/uploads\/AsistedNov2025_285_RRSS-1536x1024.jpg 1536w, https:\/\/asisted.org\/wp-content\/uploads\/AsistedNov2025_285_RRSS-2048x1365.jpg 2048w\" sizes=\"(max-width: 2100px) 100vw, 2100px\" \/><\/a>\n\t\t\t<\/div><\/figure><figure class='gallery-item'>\n\t\t\t<div class='gallery-icon landscape'>\n\t\t\t\t<a href='https:\/\/asisted.org\/ca\/blog\/aixi-vam-celebrar-la-3a-jornada-asisted\/asistednov2025_293_rrss-2\/'><img loading=\"lazy\" decoding=\"async\" width=\"2100\" height=\"1400\" src=\"https:\/\/asisted.org\/wp-content\/uploads\/AsistedNov2025_293_RRSS.jpg\" class=\"attachment-full size-full\" alt=\"\" srcset=\"https:\/\/asisted.org\/wp-content\/uploads\/AsistedNov2025_293_RRSS.jpg 2100w, https:\/\/asisted.org\/wp-content\/uploads\/AsistedNov2025_293_RRSS-300x200.jpg 300w, https:\/\/asisted.org\/wp-content\/uploads\/AsistedNov2025_293_RRSS-1024x683.jpg 1024w, https:\/\/asisted.org\/wp-content\/uploads\/AsistedNov2025_293_RRSS-768x512.jpg 768w, https:\/\/asisted.org\/wp-content\/uploads\/AsistedNov2025_293_RRSS-1536x1024.jpg 1536w, https:\/\/asisted.org\/wp-content\/uploads\/AsistedNov2025_293_RRSS-2048x1365.jpg 2048w\" sizes=\"(max-width: 2100px) 100vw, 2100px\" \/><\/a>\n\t\t\t<\/div><\/figure><figure class='gallery-item'>\n\t\t\t<div class='gallery-icon landscape'>\n\t\t\t\t<a href='https:\/\/asisted.org\/ca\/blog\/aixi-vam-celebrar-la-3a-jornada-asisted\/asistednov2025_297_rrss-2\/'><img loading=\"lazy\" decoding=\"async\" width=\"2100\" height=\"1400\" src=\"https:\/\/asisted.org\/wp-content\/uploads\/AsistedNov2025_297_RRSS.jpg\" class=\"attachment-full size-full\" alt=\"\" srcset=\"https:\/\/asisted.org\/wp-content\/uploads\/AsistedNov2025_297_RRSS.jpg 2100w, https:\/\/asisted.org\/wp-content\/uploads\/AsistedNov2025_297_RRSS-300x200.jpg 300w, https:\/\/asisted.org\/wp-content\/uploads\/AsistedNov2025_297_RRSS-1024x683.jpg 1024w, https:\/\/asisted.org\/wp-content\/uploads\/AsistedNov2025_297_RRSS-768x512.jpg 768w, https:\/\/asisted.org\/wp-content\/uploads\/AsistedNov2025_297_RRSS-1536x1024.jpg 1536w, https:\/\/asisted.org\/wp-content\/uploads\/AsistedNov2025_297_RRSS-2048x1365.jpg 2048w\" sizes=\"(max-width: 2100px) 100vw, 2100px\" \/><\/a>\n\t\t\t<\/div><\/figure><figure class='gallery-item'>\n\t\t\t<div class='gallery-icon landscape'>\n\t\t\t\t<a href='https:\/\/asisted.org\/ca\/blog\/aixi-vam-celebrar-la-3a-jornada-asisted\/asistednov2025_299_rrss-2\/'><img loading=\"lazy\" decoding=\"async\" width=\"2100\" height=\"1400\" src=\"https:\/\/asisted.org\/wp-content\/uploads\/AsistedNov2025_299_RRSS.jpg\" class=\"attachment-full size-full\" alt=\"\" srcset=\"https:\/\/asisted.org\/wp-content\/uploads\/AsistedNov2025_299_RRSS.jpg 2100w, https:\/\/asisted.org\/wp-content\/uploads\/AsistedNov2025_299_RRSS-300x200.jpg 300w, https:\/\/asisted.org\/wp-content\/uploads\/AsistedNov2025_299_RRSS-1024x683.jpg 1024w, https:\/\/asisted.org\/wp-content\/uploads\/AsistedNov2025_299_RRSS-768x512.jpg 768w, https:\/\/asisted.org\/wp-content\/uploads\/AsistedNov2025_299_RRSS-1536x1024.jpg 1536w, https:\/\/asisted.org\/wp-content\/uploads\/AsistedNov2025_299_RRSS-2048x1365.jpg 2048w\" sizes=\"(max-width: 2100px) 100vw, 2100px\" \/><\/a>\n\t\t\t<\/div><\/figure>\n\t\t<\/div>\n\n<h3 data-start=\"3578\" data-end=\"3618\"><strong data-start=\"3582\" data-end=\"3616\">Gr\u00e0cies per fer-ho possible \ud83d\udc9c<\/strong><\/h3>\n<p data-start=\"3620\" data-end=\"3853\">Volem donar les <strong data-start=\"3637\" data-end=\"3684\">gr\u00e0cies a totes les persones que hi van assistir<\/strong>, pel seu entusiasme i participaci\u00f3, i tamb\u00e9 a <strong data-start=\"3733\" data-end=\"3809\">aquelles que es van quedar treballant i cobrint els companys i companyes<\/strong> perqu\u00e8 aquesta jornada es pogu\u00e9s celebrar.<\/p>\n<p data-start=\"3855\" data-end=\"4003\">Cada any, aquesta trobada ens recorda que, m\u00e9s enll\u00e0 de la feina di\u00e0ria, <strong data-start=\"3926\" data-end=\"4001\">som una gran fam\u00edlia unida per una mateixa vocaci\u00f3: cuidar \u00e9s estimar.<\/strong><\/p>\n<p style=\"text-align: center;\" data-start=\"3855\" data-end=\"4003\"><img loading=\"lazy\" decoding=\"async\" class=\"alignnone wp-image-38616 \" src=\"https:\/\/asisted.org\/wp-content\/uploads\/V7A8724_RRSS.jpg\" alt=\"\" width=\"711\" height=\"474\" srcset=\"https:\/\/asisted.org\/wp-content\/uploads\/V7A8724_RRSS.jpg 2400w, https:\/\/asisted.org\/wp-content\/uploads\/V7A8724_RRSS-300x200.jpg 300w, https:\/\/asisted.org\/wp-content\/uploads\/V7A8724_RRSS-1024x683.jpg 1024w, https:\/\/asisted.org\/wp-content\/uploads\/V7A8724_RRSS-768x512.jpg 768w, https:\/\/asisted.org\/wp-content\/uploads\/V7A8724_RRSS-1536x1024.jpg 1536w, https:\/\/asisted.org\/wp-content\/uploads\/V7A8724_RRSS-2048x1365.jpg 2048w\" sizes=\"(max-width: 711px) 100vw, 711px\" \/><\/p>\n","protected":false},"excerpt":{"rendered":"<p>Dissabte passat vam celebrar la 3a Jornada ASISTED, coincidint amb la setmana del Dia Mundial de la Persona Cuidadora.Una cita que ja s\u2019ha convertit en tradici\u00f3 i que cada any reuneix persones cuidadores i l\u2019equip d\u2019oficines de tots els territoris per compartir, gaudir i recon\u00e8ixer el valor de la nostra tasca.<\/p>\n","protected":false},"author":4,"featured_media":39246,"comment_status":"closed","ping_status":"closed","sticky":false,"template":"","format":"standard","meta":{"_acf_changed":false,"footnotes":""},"categories":[80],"tags":[],"class_list":["post-39206","post","type-post","status-publish","format-standard","has-post-thumbnail","hentry","category-sin-categoria"],"acf":[],"_links":{"self":[{"href":"https:\/\/asisted.org\/ca\/wp-json\/wp\/v2\/posts\/39206","targetHints":{"allow":["GET"]}}],"collection":[{"href":"https:\/\/asisted.org\/ca\/wp-json\/wp\/v2\/posts"}],"about":[{"href":"https:\/\/asisted.org\/ca\/wp-json\/wp\/v2\/types\/post"}],"author":[{"embeddable":true,"href":"https:\/\/asisted.org\/ca\/wp-json\/wp\/v2\/users\/4"}],"replies":[{"embeddable":true,"href":"https:\/\/asisted.org\/ca\/wp-json\/wp\/v2\/comments?post=39206"}],"version-history":[{"count":1,"href":"https:\/\/asisted.org\/ca\/wp-json\/wp\/v2\/posts\/39206\/revisions"}],"predecessor-version":[{"id":39585,"href":"https:\/\/asisted.org\/ca\/wp-json\/wp\/v2\/posts\/39206\/revisions\/39585"}],"wp:featuredmedia":[{"embeddable":true,"href":"https:\/\/asisted.org\/ca\/wp-json\/wp\/v2\/media\/39246"}],"wp:attachment":[{"href":"https:\/\/asisted.org\/ca\/wp-json\/wp\/v2\/media?parent=39206"}],"wp:term":[{"taxonomy":"category","embeddable":true,"href":"https:\/\/asisted.org\/ca\/wp-json\/wp\/v2\/categories?post=39206"},{"taxonomy":"post_tag","embeddable":true,"href":"https:\/\/asisted.org\/ca\/wp-json\/wp\/v2\/tags?post=39206"}],"curies":[{"name":"wp","href":"https:\/\/api.w.org\/{rel}","templated":true}]}}